{"id":7148,"date":"2026-01-08T15:54:02","date_gmt":"2026-01-08T14:54:02","guid":{"rendered":"https:\/\/stlumine-stemarie.fr\/?p=7148"},"modified":"2026-02-03T11:36:58","modified_gmt":"2026-02-03T10:36:58","slug":"contes-a-grandir-le-reve-de-luminaile","status":"publish","type":"post","link":"https:\/\/stlumine-stemarie.fr\/?p=7148","title":{"rendered":"Contes \u00e0 grandir- Le r\u00eave de Luminaile"},"content":{"rendered":"<p>Ce Jeudi 8 Janvier, nous avons \u00e9cout\u00e9 un superbe conte savamment orchestr\u00e9 par Krystel. Un conte \u00e0 grandir qui aborde la diff\u00e9rence, le handicap, le courage, la confiance, l&rsquo;amour, les \u00e9motions, l&rsquo;ouverture sur le monde, le pouvoir de la r\u00e9silience et la magie int\u00e9rieure.<\/p>\n<p><a href=\"https:\/\/stlumine-stemarie.fr\/wp-content\/uploads\/2026\/01\/Affiche-activites-calmes-enfant-colore-amusant-moderne-illustration.jpg\"><img loading=\"lazy\" decoding=\"async\" class=\"aligncenter size-medium wp-image-7149\" src=\"https:\/\/stlumine-stemarie.fr\/wp-content\/uploads\/2026\/01\/Affiche-activites-calmes-enfant-colore-amusant-moderne-illustration-212x300.jpg\" alt=\"\" width=\"212\" height=\"300\" srcset=\"https:\/\/stlumine-stemarie.fr\/wp-content\/uploads\/2026\/01\/Affiche-activites-calmes-enfant-colore-amusant-moderne-illustration-212x300.jpg 212w, https:\/\/stlumine-stemarie.fr\/wp-content\/uploads\/2026\/01\/Affiche-activites-calmes-enfant-colore-amusant-moderne-illustration-724x1024.jpg 724w, https:\/\/stlumine-stemarie.fr\/wp-content\/uploads\/2026\/01\/Affiche-activites-calmes-enfant-colore-amusant-moderne-illustration-768x1086.jpg 768w, https:\/\/stlumine-stemarie.fr\/wp-content\/uploads\/2026\/01\/Affiche-activites-calmes-enfant-colore-amusant-moderne-illustration-1086x1536.jpg 1086w, https:\/\/stlumine-stemarie.fr\/wp-content\/uploads\/2026\/01\/Affiche-activites-calmes-enfant-colore-amusant-moderne-illustration.jpg 1414w\" sizes=\"auto, (max-width: 212px) 100vw, 212px\" \/><\/a><\/p>\n","protected":false},"excerpt":{"rendered":"<p>Ce Jeudi 8 Janvier, nous avons \u00e9cout\u00e9 un superbe conte savamment orchestr\u00e9 par Krystel. Un conte \u00e0 grandir qui aborde la diff\u00e9rence, le handicap, le courage, la confiance, l&rsquo;amour, les \u00e9motions, l&rsquo;ouverture sur le monde, le pouvoir de la r\u00e9silience et la magie int\u00e9rieure.<\/p>\n","protected":false},"author":4,"featured_media":0,"comment_status":"closed","ping_status":"closed","sticky":false,"template":"","format":"standard","meta":{"ngg_post_thumbnail":0,"footnotes":""},"categories":[17,29],"tags":[],"class_list":["post-7148","post","type-post","status-publish","format-standard","hentry","category-apel","category-psms"],"_links":{"self":[{"href":"https:\/\/stlumine-stemarie.fr\/index.php?rest_route=\/wp\/v2\/posts\/7148","targetHints":{"allow":["GET"]}}],"collection":[{"href":"https:\/\/stlumine-stemarie.fr\/index.php?rest_route=\/wp\/v2\/posts"}],"about":[{"href":"https:\/\/stlumine-stemarie.fr\/index.php?rest_route=\/wp\/v2\/types\/post"}],"author":[{"embeddable":true,"href":"https:\/\/stlumine-stemarie.fr\/index.php?rest_route=\/wp\/v2\/users\/4"}],"replies":[{"embeddable":true,"href":"https:\/\/stlumine-stemarie.fr\/index.php?rest_route=%2Fwp%2Fv2%2Fcomments&post=7148"}],"version-history":[{"count":1,"href":"https:\/\/stlumine-stemarie.fr\/index.php?rest_route=\/wp\/v2\/posts\/7148\/revisions"}],"predecessor-version":[{"id":7150,"href":"https:\/\/stlumine-stemarie.fr\/index.php?rest_route=\/wp\/v2\/posts\/7148\/revisions\/7150"}],"wp:attachment":[{"href":"https:\/\/stlumine-stemarie.fr\/index.php?rest_route=%2Fwp%2Fv2%2Fmedia&parent=7148"}],"wp:term":[{"taxonomy":"category","embeddable":true,"href":"https:\/\/stlumine-stemarie.fr\/index.php?rest_route=%2Fwp%2Fv2%2Fcategories&post=7148"},{"taxonomy":"post_tag","embeddable":true,"href":"https:\/\/stlumine-stemarie.fr\/index.php?rest_route=%2Fwp%2Fv2%2Ftags&post=7148"}],"curies":[{"name":"wp","href":"https:\/\/api.w.org\/{rel}","templated":true}]}}