{"id":6823,"date":"2025-04-16T11:45:16","date_gmt":"2025-04-16T09:45:16","guid":{"rendered":"https:\/\/stlumine-stemarie.fr\/?p=6823"},"modified":"2025-04-16T11:48:10","modified_gmt":"2025-04-16T09:48:10","slug":"marche-de-printemps-4","status":"publish","type":"post","link":"https:\/\/stlumine-stemarie.fr\/?p=6823","title":{"rendered":"March\u00e9 de Printemps"},"content":{"rendered":"<p>La commission march\u00e9 de printemps est heureuse de vous inviter le <strong>Vendredi 9 Mai 2025<\/strong>.<\/p>\n<p>Cette ann\u00e9e, nous avons le plaisir de vous proposer des plants, de potagers et des fleurs via la V\u00e9g\u00e9talerie des Jardins de Juliette situ\u00e9 au Bignon.<\/p>\n<p>Les plans sont \u00e9lev\u00e9s sans engrais chimique et produits au Bignon. N&rsquo;h\u00e9sitez pas \u00e0 passer commande.<\/p>\n<p>Concernant les bons de commande, deux possibilit\u00e9s:<\/p>\n<ul>\n<li>Fichier \u00e0 compl\u00e9ter et \u00e0 renvoyer par mail ( le fichier vous a \u00e9t\u00e9 envoy\u00e9 par mail)<\/li>\n<li>Fichier \u00e0 imprimer et \u00e0 d\u00e9poser \u00e0 l&rsquo;\u00e9cole<\/li>\n<\/ul>\n<p>Merci de transmettre dans le cartable de votre enfants les r\u00e8glements en indiquant imp\u00e9rativement sur l&rsquo;enveloppe: NOM, PRENOM et classe de l&rsquo;ain\u00e9 et MARCHE DE PRINTEMPS 2025.<\/p>\n<p><strong>Le bon de commande et le r\u00e8glement sont \u00e0 rendre avant le 25 AVRIL 2025.<\/strong><\/p>\n<p>&nbsp;<\/p>\n<p><em><strong>Voici le d\u00e9roulement de&nbsp; la soir\u00e9e du 9 Mai :<\/strong><\/em><\/p>\n<ul>\n<li>18h: Concert des enfants avec Edouard Lofficial (Auteur compositeur et interpr\u00e8te des chansons de la mer)<\/li>\n<li>18h30\/18h45: ouverture des stands et diverse animations (bricolages de printemps de vos enfants, p\u00eache \u00e0 la ligne, stand de tatouage, heure de conte)<\/li>\n<li>Distribution de vos commandes<\/li>\n<\/ul>\n<p>&nbsp;<\/p>\n<p>Merci de votre participation&nbsp;<\/p>\n","protected":false},"excerpt":{"rendered":"<p>La commission march\u00e9 de printemps est heureuse de vous inviter le Vendredi 9 Mai 2025. Cette ann\u00e9e, nous avons le plaisir de vous proposer des plants, de potagers et des fleurs via la V\u00e9g\u00e9talerie des Jardins de Juliette situ\u00e9 au Bignon. Les plans sont \u00e9lev\u00e9s sans engrais chimique et produits au Bignon. N&rsquo;h\u00e9sitez pas \u00e0<\/p>\n<p><a href=\"https:\/\/stlumine-stemarie.fr\/?p=6823\" class=\"more-link themebutton\">Read More<\/a><\/p>\n","protected":false},"author":11,"featured_media":6826,"comment_status":"closed","ping_status":"closed","sticky":false,"template":"","format":"standard","meta":{"ngg_post_thumbnail":0,"footnotes":""},"categories":[17],"tags":[],"class_list":["post-6823","post","type-post","status-publish","format-standard","has-post-thumbnail","hentry","category-apel"],"_links":{"self":[{"href":"https:\/\/stlumine-stemarie.fr\/index.php?rest_route=\/wp\/v2\/posts\/6823","targetHints":{"allow":["GET"]}}],"collection":[{"href":"https:\/\/stlumine-stemarie.fr\/index.php?rest_route=\/wp\/v2\/posts"}],"about":[{"href":"https:\/\/stlumine-stemarie.fr\/index.php?rest_route=\/wp\/v2\/types\/post"}],"author":[{"embeddable":true,"href":"https:\/\/stlumine-stemarie.fr\/index.php?rest_route=\/wp\/v2\/users\/11"}],"replies":[{"embeddable":true,"href":"https:\/\/stlumine-stemarie.fr\/index.php?rest_route=%2Fwp%2Fv2%2Fcomments&post=6823"}],"version-history":[{"count":1,"href":"https:\/\/stlumine-stemarie.fr\/index.php?rest_route=\/wp\/v2\/posts\/6823\/revisions"}],"predecessor-version":[{"id":6825,"href":"https:\/\/stlumine-stemarie.fr\/index.php?rest_route=\/wp\/v2\/posts\/6823\/revisions\/6825"}],"wp:featuredmedia":[{"embeddable":true,"href":"https:\/\/stlumine-stemarie.fr\/index.php?rest_route=\/wp\/v2\/media\/6826"}],"wp:attachment":[{"href":"https:\/\/stlumine-stemarie.fr\/index.php?rest_route=%2Fwp%2Fv2%2Fmedia&parent=6823"}],"wp:term":[{"taxonomy":"category","embeddable":true,"href":"https:\/\/stlumine-stemarie.fr\/index.php?rest_route=%2Fwp%2Fv2%2Fcategories&post=6823"},{"taxonomy":"post_tag","embeddable":true,"href":"https:\/\/stlumine-stemarie.fr\/index.php?rest_route=%2Fwp%2Fv2%2Ftags&post=6823"}],"curies":[{"name":"wp","href":"https:\/\/api.w.org\/{rel}","templated":true}]}}