{"id":6724,"date":"2025-02-01T15:56:10","date_gmt":"2025-02-01T14:56:10","guid":{"rendered":"https:\/\/stlumine-stemarie.fr\/?p=6724"},"modified":"2025-02-26T15:13:02","modified_gmt":"2025-02-26T14:13:02","slug":"notre-premiere-assemblee-denfants-2","status":"publish","type":"post","link":"https:\/\/stlumine-stemarie.fr\/?p=6724","title":{"rendered":"Notre premi\u00e8re assembl\u00e9e d&rsquo;enfants"},"content":{"rendered":"<p>Quoi de neuf dans notre classe?<\/p>\n<p>Mardi 28 janvier, nous avons particip\u00e9 \u00e0 notre premi\u00e8re assembl\u00e9e d&rsquo;enfants.<\/p>\n<p>A cette occasion, nous avons pr\u00e9sent\u00e9 notre imagier de la ville.<\/p>\n<p><a href=\"https:\/\/stlumine-stemarie.fr\/wp-content\/uploads\/2025\/02\/IMG_7812-rotated.jpg\"><img loading=\"lazy\" decoding=\"async\" class=\"aligncenter size-medium wp-image-6716\" src=\"https:\/\/stlumine-stemarie.fr\/wp-content\/uploads\/2025\/02\/IMG_7812-225x300.jpg\" alt=\"\" width=\"225\" height=\"300\" srcset=\"https:\/\/stlumine-stemarie.fr\/wp-content\/uploads\/2025\/02\/IMG_7812-225x300.jpg 225w, https:\/\/stlumine-stemarie.fr\/wp-content\/uploads\/2025\/02\/IMG_7812-rotated.jpg 480w\" sizes=\"auto, (max-width: 225px) 100vw, 225px\" \/><\/a><a href=\"https:\/\/stlumine-stemarie.fr\/wp-content\/uploads\/2025\/02\/IMG_0806-rotated.jpg\"><img loading=\"lazy\" decoding=\"async\" class=\"aligncenter size-medium wp-image-6709\" src=\"https:\/\/stlumine-stemarie.fr\/wp-content\/uploads\/2025\/02\/IMG_0806-225x300.jpg\" alt=\"\" width=\"225\" height=\"300\" srcset=\"https:\/\/stlumine-stemarie.fr\/wp-content\/uploads\/2025\/02\/IMG_0806-225x300.jpg 225w, https:\/\/stlumine-stemarie.fr\/wp-content\/uploads\/2025\/02\/IMG_0806-rotated.jpg 480w\" sizes=\"auto, (max-width: 225px) 100vw, 225px\" \/><\/a><a href=\"https:\/\/stlumine-stemarie.fr\/wp-content\/uploads\/2025\/02\/IMG_0798-rotated.jpg\"><img loading=\"lazy\" decoding=\"async\" class=\"aligncenter size-medium wp-image-6722\" src=\"https:\/\/stlumine-stemarie.fr\/wp-content\/uploads\/2025\/02\/IMG_0798-225x300.jpg\" alt=\"\" width=\"225\" height=\"300\" srcset=\"https:\/\/stlumine-stemarie.fr\/wp-content\/uploads\/2025\/02\/IMG_0798-225x300.jpg 225w, https:\/\/stlumine-stemarie.fr\/wp-content\/uploads\/2025\/02\/IMG_0798-rotated.jpg 480w\" sizes=\"auto, (max-width: 225px) 100vw, 225px\" \/><\/a><a href=\"https:\/\/stlumine-stemarie.fr\/wp-content\/uploads\/2025\/02\/IMG_0796-rotated.jpg\"><img loading=\"lazy\" decoding=\"async\" class=\"aligncenter size-medium wp-image-6718\" src=\"https:\/\/stlumine-stemarie.fr\/wp-content\/uploads\/2025\/02\/IMG_0796-225x300.jpg\" alt=\"\" width=\"225\" height=\"300\" srcset=\"https:\/\/stlumine-stemarie.fr\/wp-content\/uploads\/2025\/02\/IMG_0796-225x300.jpg 225w, https:\/\/stlumine-stemarie.fr\/wp-content\/uploads\/2025\/02\/IMG_0796-rotated.jpg 480w\" sizes=\"auto, (max-width: 225px) 100vw, 225px\" \/><\/a><a href=\"https:\/\/stlumine-stemarie.fr\/wp-content\/uploads\/2025\/02\/IMG_0803-rotated.jpg\"><img loading=\"lazy\" decoding=\"async\" class=\"aligncenter size-medium wp-image-6712\" src=\"https:\/\/stlumine-stemarie.fr\/wp-content\/uploads\/2025\/02\/IMG_0803-225x300.jpg\" alt=\"\" width=\"225\" height=\"300\" srcset=\"https:\/\/stlumine-stemarie.fr\/wp-content\/uploads\/2025\/02\/IMG_0803-225x300.jpg 225w, https:\/\/stlumine-stemarie.fr\/wp-content\/uploads\/2025\/02\/IMG_0803-rotated.jpg 480w\" sizes=\"auto, (max-width: 225px) 100vw, 225px\" \/><\/a><a href=\"https:\/\/stlumine-stemarie.fr\/wp-content\/uploads\/2025\/02\/IMG_0805-rotated.jpg\"><img loading=\"lazy\" decoding=\"async\" class=\"aligncenter size-medium wp-image-6710\" src=\"https:\/\/stlumine-stemarie.fr\/wp-content\/uploads\/2025\/02\/IMG_0805-225x300.jpg\" alt=\"\" width=\"225\" height=\"300\" srcset=\"https:\/\/stlumine-stemarie.fr\/wp-content\/uploads\/2025\/02\/IMG_0805-225x300.jpg 225w, https:\/\/stlumine-stemarie.fr\/wp-content\/uploads\/2025\/02\/IMG_0805-rotated.jpg 480w\" sizes=\"auto, (max-width: 225px) 100vw, 225px\" \/><\/a><\/p>\n<p>Nous avons lu \u00e0 voix haute notre page de l&rsquo;imagier, un exercice pas facile mais r\u00e9ussi de tous!<\/p>\n","protected":false},"excerpt":{"rendered":"<p>Quoi de neuf dans notre classe? Mardi 28 janvier, nous avons particip\u00e9 \u00e0 notre premi\u00e8re assembl\u00e9e d&rsquo;enfants. A cette occasion, nous avons pr\u00e9sent\u00e9 notre imagier de la ville. Nous avons lu \u00e0 voix haute notre page de l&rsquo;imagier, un exercice pas facile mais r\u00e9ussi de tous!<\/p>\n","protected":false},"author":4,"featured_media":6716,"comment_status":"closed","ping_status":"closed","sticky":false,"template":"","format":"standard","meta":{"ngg_post_thumbnail":0,"footnotes":""},"categories":[17,11],"tags":[],"class_list":["post-6724","post","type-post","status-publish","format-standard","has-post-thumbnail","hentry","category-apel","category-ps-ms"],"_links":{"self":[{"href":"https:\/\/stlumine-stemarie.fr\/index.php?rest_route=\/wp\/v2\/posts\/6724","targetHints":{"allow":["GET"]}}],"collection":[{"href":"https:\/\/stlumine-stemarie.fr\/index.php?rest_route=\/wp\/v2\/posts"}],"about":[{"href":"https:\/\/stlumine-stemarie.fr\/index.php?rest_route=\/wp\/v2\/types\/post"}],"author":[{"embeddable":true,"href":"https:\/\/stlumine-stemarie.fr\/index.php?rest_route=\/wp\/v2\/users\/4"}],"replies":[{"embeddable":true,"href":"https:\/\/stlumine-stemarie.fr\/index.php?rest_route=%2Fwp%2Fv2%2Fcomments&post=6724"}],"version-history":[{"count":1,"href":"https:\/\/stlumine-stemarie.fr\/index.php?rest_route=\/wp\/v2\/posts\/6724\/revisions"}],"predecessor-version":[{"id":6725,"href":"https:\/\/stlumine-stemarie.fr\/index.php?rest_route=\/wp\/v2\/posts\/6724\/revisions\/6725"}],"wp:featuredmedia":[{"embeddable":true,"href":"https:\/\/stlumine-stemarie.fr\/index.php?rest_route=\/wp\/v2\/media\/6716"}],"wp:attachment":[{"href":"https:\/\/stlumine-stemarie.fr\/index.php?rest_route=%2Fwp%2Fv2%2Fmedia&parent=6724"}],"wp:term":[{"taxonomy":"category","embeddable":true,"href":"https:\/\/stlumine-stemarie.fr\/index.php?rest_route=%2Fwp%2Fv2%2Fcategories&post=6724"},{"taxonomy":"post_tag","embeddable":true,"href":"https:\/\/stlumine-stemarie.fr\/index.php?rest_route=%2Fwp%2Fv2%2Ftags&post=6724"}],"curies":[{"name":"wp","href":"https:\/\/api.w.org\/{rel}","templated":true}]}}