{"id":6553,"date":"2024-08-29T19:22:46","date_gmt":"2024-08-29T17:22:46","guid":{"rendered":"https:\/\/stlumine-stemarie.fr\/?p=6553"},"modified":"2024-08-29T19:22:46","modified_gmt":"2024-08-29T17:22:46","slug":"du-nouveau-a-lecole","status":"publish","type":"post","link":"https:\/\/stlumine-stemarie.fr\/?p=6553","title":{"rendered":"Du nouveau \u00e0 l&rsquo;\u00e9cole"},"content":{"rendered":"<p>Pendant les vacances, le jeudi 1er ao\u00fbt, un modulaire a \u00e9t\u00e9 install\u00e9 dans la cour du site 2 (site des primaires du site St Joseph).<\/p>\n<p>Ce modulaire va permettre \u00e0 notre enseignante sp\u00e9cialis\u00e9e d&rsquo;avoir enfin une vrai pi\u00e8ce pour travailler avec les \u00e9l\u00e8ves du site 2. Il servira \u00e9galement pour les s\u00e9ance de cat\u00e9ch\u00e8se.<\/p>\n<p>Cet achat a pu \u00eatre possible gr\u00e2ce \u00e0 une subvention de la mairie que l&rsquo;on remercie.<\/p>\nngg_shortcode_0_placeholder\n","protected":false},"excerpt":{"rendered":"<p>Pendant les vacances, le jeudi 1er ao\u00fbt, un modulaire a \u00e9t\u00e9 install\u00e9 dans la cour du site 2 (site des primaires du site St Joseph). Ce modulaire va permettre \u00e0 notre enseignante sp\u00e9cialis\u00e9e d&rsquo;avoir enfin une vrai pi\u00e8ce pour travailler avec les \u00e9l\u00e8ves du site 2. Il servira \u00e9galement pour les s\u00e9ance de cat\u00e9ch\u00e8se. Cet<\/p>\n<p><a href=\"https:\/\/stlumine-stemarie.fr\/?p=6553\" class=\"more-link themebutton\">Read More<\/a><\/p>\n","protected":false},"author":11,"featured_media":6573,"comment_status":"closed","ping_status":"closed","sticky":false,"template":"","format":"standard","meta":{"ngg_post_thumbnail":0,"footnotes":""},"categories":[17],"tags":[],"class_list":["post-6553","post","type-post","status-publish","format-standard","has-post-thumbnail","hentry","category-apel"],"_links":{"self":[{"href":"https:\/\/stlumine-stemarie.fr\/index.php?rest_route=\/wp\/v2\/posts\/6553","targetHints":{"allow":["GET"]}}],"collection":[{"href":"https:\/\/stlumine-stemarie.fr\/index.php?rest_route=\/wp\/v2\/posts"}],"about":[{"href":"https:\/\/stlumine-stemarie.fr\/index.php?rest_route=\/wp\/v2\/types\/post"}],"author":[{"embeddable":true,"href":"https:\/\/stlumine-stemarie.fr\/index.php?rest_route=\/wp\/v2\/users\/11"}],"replies":[{"embeddable":true,"href":"https:\/\/stlumine-stemarie.fr\/index.php?rest_route=%2Fwp%2Fv2%2Fcomments&post=6553"}],"version-history":[{"count":3,"href":"https:\/\/stlumine-stemarie.fr\/index.php?rest_route=\/wp\/v2\/posts\/6553\/revisions"}],"predecessor-version":[{"id":6574,"href":"https:\/\/stlumine-stemarie.fr\/index.php?rest_route=\/wp\/v2\/posts\/6553\/revisions\/6574"}],"wp:featuredmedia":[{"embeddable":true,"href":"https:\/\/stlumine-stemarie.fr\/index.php?rest_route=\/wp\/v2\/media\/6573"}],"wp:attachment":[{"href":"https:\/\/stlumine-stemarie.fr\/index.php?rest_route=%2Fwp%2Fv2%2Fmedia&parent=6553"}],"wp:term":[{"taxonomy":"category","embeddable":true,"href":"https:\/\/stlumine-stemarie.fr\/index.php?rest_route=%2Fwp%2Fv2%2Fcategories&post=6553"},{"taxonomy":"post_tag","embeddable":true,"href":"https:\/\/stlumine-stemarie.fr\/index.php?rest_route=%2Fwp%2Fv2%2Ftags&post=6553"}],"curies":[{"name":"wp","href":"https:\/\/api.w.org\/{rel}","templated":true}]}}