{"id":6109,"date":"2023-09-13T16:03:19","date_gmt":"2023-09-13T14:03:19","guid":{"rendered":"https:\/\/stlumine-stemarie.fr\/?p=6109"},"modified":"2023-09-13T16:03:19","modified_gmt":"2023-09-13T14:03:19","slug":"nouvelle-fresque-de-lecole","status":"publish","type":"post","link":"https:\/\/stlumine-stemarie.fr\/?p=6109","title":{"rendered":"Nouvelle fresque de l&rsquo;\u00e9cole"},"content":{"rendered":"<p>Vous avez pu l&rsquo;admirer rue de la Paix : juste avant la rentr\u00e9e, une nouvelle fresque \u00e0 vue le jour sur le mur de l&rsquo;\u00e9cole qui avait bien besoin d&rsquo;un petit rafra\u00eechissement. Notre enseignante-artiste a mis tout son c\u0153ur dans la conception et la r\u00e9alisation de cette \u0153uvre.<\/p>\n<p>Petit retour en photo sur les diff\u00e9rentes \u00e9tapes de la r\u00e9alisation.<\/p>\nngg_shortcode_0_placeholder\n","protected":false},"excerpt":{"rendered":"<p>Vous avez pu l&rsquo;admirer rue de la Paix : juste avant la rentr\u00e9e, une nouvelle fresque \u00e0 vue le jour sur le mur de l&rsquo;\u00e9cole qui avait bien besoin d&rsquo;un petit rafra\u00eechissement. Notre enseignante-artiste a mis tout son c\u0153ur dans la conception et la r\u00e9alisation de cette \u0153uvre. Petit retour en photo sur les diff\u00e9rentes<\/p>\n<p><a href=\"https:\/\/stlumine-stemarie.fr\/?p=6109\" class=\"more-link themebutton\">Read More<\/a><\/p>\n","protected":false},"author":11,"featured_media":6121,"comment_status":"closed","ping_status":"closed","sticky":false,"template":"","format":"standard","meta":{"ngg_post_thumbnail":0,"footnotes":""},"categories":[17],"tags":[],"class_list":["post-6109","post","type-post","status-publish","format-standard","has-post-thumbnail","hentry","category-apel"],"_links":{"self":[{"href":"https:\/\/stlumine-stemarie.fr\/index.php?rest_route=\/wp\/v2\/posts\/6109","targetHints":{"allow":["GET"]}}],"collection":[{"href":"https:\/\/stlumine-stemarie.fr\/index.php?rest_route=\/wp\/v2\/posts"}],"about":[{"href":"https:\/\/stlumine-stemarie.fr\/index.php?rest_route=\/wp\/v2\/types\/post"}],"author":[{"embeddable":true,"href":"https:\/\/stlumine-stemarie.fr\/index.php?rest_route=\/wp\/v2\/users\/11"}],"replies":[{"embeddable":true,"href":"https:\/\/stlumine-stemarie.fr\/index.php?rest_route=%2Fwp%2Fv2%2Fcomments&post=6109"}],"version-history":[{"count":1,"href":"https:\/\/stlumine-stemarie.fr\/index.php?rest_route=\/wp\/v2\/posts\/6109\/revisions"}],"predecessor-version":[{"id":6120,"href":"https:\/\/stlumine-stemarie.fr\/index.php?rest_route=\/wp\/v2\/posts\/6109\/revisions\/6120"}],"wp:featuredmedia":[{"embeddable":true,"href":"https:\/\/stlumine-stemarie.fr\/index.php?rest_route=\/wp\/v2\/media\/6121"}],"wp:attachment":[{"href":"https:\/\/stlumine-stemarie.fr\/index.php?rest_route=%2Fwp%2Fv2%2Fmedia&parent=6109"}],"wp:term":[{"taxonomy":"category","embeddable":true,"href":"https:\/\/stlumine-stemarie.fr\/index.php?rest_route=%2Fwp%2Fv2%2Fcategories&post=6109"},{"taxonomy":"post_tag","embeddable":true,"href":"https:\/\/stlumine-stemarie.fr\/index.php?rest_route=%2Fwp%2Fv2%2Ftags&post=6109"}],"curies":[{"name":"wp","href":"https:\/\/api.w.org\/{rel}","templated":true}]}}