{"id":599,"date":"2016-02-17T13:09:34","date_gmt":"2016-02-17T12:09:34","guid":{"rendered":"https:\/\/stlumine-stemarie.fr\/?p=599"},"modified":"2017-09-14T14:03:48","modified_gmt":"2017-09-14T13:03:48","slug":"matinee-travaux-du-06-fevrier-2016","status":"publish","type":"post","link":"https:\/\/stlumine-stemarie.fr\/?p=599","title":{"rendered":"Matin\u00e9e travaux du 06 f\u00e9vrier 2016"},"content":{"rendered":"<p>Fort d&rsquo;une douzaine de parents, la matin\u00e9e travaux du 06 f\u00e9vrier 2016 c&rsquo;est bien pass\u00e9e.<\/p>\n<p>Toutes les t\u00e2ches ont \u00e9t\u00e9 effectu\u00e9es:<\/p>\n<ul>\n<li>Rue du G\u00e9n\u00e9rale de Gaulle\n<ul>\n<li>D\u00e9montage du parking \u00e0 v\u00e9lo<\/li>\n<li>Pr\u00e9paration du futur parking \u00e0 v\u00e9lo par la mise en place de socle en b\u00e9ton<\/li>\n<li>Changement de n\u00e9ons<\/li>\n<\/ul>\n<\/li>\n<li>Rue de la paix\n<ul>\n<li>R\u00e9paration de la porte principale<\/li>\n<li>Peinture du local de sprofesseurs<\/li>\n<li>D\u00e9placement de la cabane<\/li>\n<li>Mise en place de n\u00e9ons sous le pr\u00e9au<\/li>\n<\/ul>\n<\/li>\n<\/ul>\nngg_shortcode_0_placeholder\n","protected":false},"excerpt":{"rendered":"<p>Fort d&rsquo;une douzaine de personnes, la matin\u00e9e travaux du 06 f\u00e9vrier 2016 c&rsquo;est bien pass\u00e9e. la suite en image<\/p>\n","protected":false},"author":8,"featured_media":601,"comment_status":"closed","ping_status":"closed","sticky":false,"template":"","format":"standard","meta":{"ngg_post_thumbnail":0,"footnotes":""},"categories":[17,32],"tags":[21,20],"class_list":["post-599","post","type-post","status-publish","format-standard","has-post-thumbnail","hentry","category-apel","category-annee-2015-2016","tag-matinee","tag-travaux"],"_links":{"self":[{"href":"https:\/\/stlumine-stemarie.fr\/index.php?rest_route=\/wp\/v2\/posts\/599","targetHints":{"allow":["GET"]}}],"collection":[{"href":"https:\/\/stlumine-stemarie.fr\/index.php?rest_route=\/wp\/v2\/posts"}],"about":[{"href":"https:\/\/stlumine-stemarie.fr\/index.php?rest_route=\/wp\/v2\/types\/post"}],"author":[{"embeddable":true,"href":"https:\/\/stlumine-stemarie.fr\/index.php?rest_route=\/wp\/v2\/users\/8"}],"replies":[{"embeddable":true,"href":"https:\/\/stlumine-stemarie.fr\/index.php?rest_route=%2Fwp%2Fv2%2Fcomments&post=599"}],"version-history":[{"count":5,"href":"https:\/\/stlumine-stemarie.fr\/index.php?rest_route=\/wp\/v2\/posts\/599\/revisions"}],"predecessor-version":[{"id":605,"href":"https:\/\/stlumine-stemarie.fr\/index.php?rest_route=\/wp\/v2\/posts\/599\/revisions\/605"}],"wp:featuredmedia":[{"embeddable":true,"href":"https:\/\/stlumine-stemarie.fr\/index.php?rest_route=\/wp\/v2\/media\/601"}],"wp:attachment":[{"href":"https:\/\/stlumine-stemarie.fr\/index.php?rest_route=%2Fwp%2Fv2%2Fmedia&parent=599"}],"wp:term":[{"taxonomy":"category","embeddable":true,"href":"https:\/\/stlumine-stemarie.fr\/index.php?rest_route=%2Fwp%2Fv2%2Fcategories&post=599"},{"taxonomy":"post_tag","embeddable":true,"href":"https:\/\/stlumine-stemarie.fr\/index.php?rest_route=%2Fwp%2Fv2%2Ftags&post=599"}],"curies":[{"name":"wp","href":"https:\/\/api.w.org\/{rel}","templated":true}]}}