{"id":5910,"date":"2023-04-13T14:15:00","date_gmt":"2023-04-13T12:15:00","guid":{"rendered":"https:\/\/stlumine-stemarie.fr\/?p=5910"},"modified":"2023-05-21T22:14:41","modified_gmt":"2023-05-21T20:14:41","slug":"la-celebration-de-paques","status":"publish","type":"post","link":"https:\/\/stlumine-stemarie.fr\/?p=5910","title":{"rendered":"La c\u00e9l\u00e9bration de P\u00e2ques"},"content":{"rendered":"<p>Jeudi 13 avril, nous sommes all\u00e9s \u00e0 la Chapelle du Clos du Buis, pour c\u00e9l\u00e9brer la f\u00eate de P\u00e2ques.<\/p>\n<p>Nous avons chant\u00e9, dans\u00e9, \u00e9cout\u00e9 l&rsquo;histoire de J\u00e9sus.<\/p>\n<p>Enfin, nous avons d\u00e9cor\u00e9 la croix de J\u00e9sus avec de jolies fleurs en cr\u00e9pon.<\/p>\n<p>&nbsp;<\/p>\n<p><a href=\"https:\/\/stlumine-stemarie.fr\/wp-content\/uploads\/2023\/04\/IMG_4444-rotated.jpg\"><img loading=\"lazy\" decoding=\"async\" class=\"aligncenter size-medium wp-image-5913\" src=\"https:\/\/stlumine-stemarie.fr\/wp-content\/uploads\/2023\/04\/IMG_4444-225x300.jpg\" alt=\"\" width=\"225\" height=\"300\" srcset=\"https:\/\/stlumine-stemarie.fr\/wp-content\/uploads\/2023\/04\/IMG_4444-225x300.jpg 225w, https:\/\/stlumine-stemarie.fr\/wp-content\/uploads\/2023\/04\/IMG_4444-rotated.jpg 480w\" sizes=\"auto, (max-width: 225px) 100vw, 225px\" \/><\/a><a href=\"https:\/\/stlumine-stemarie.fr\/wp-content\/uploads\/2023\/04\/IMG_4447-rotated.jpg\"><img loading=\"lazy\" decoding=\"async\" class=\"aligncenter size-medium wp-image-5914\" src=\"https:\/\/stlumine-stemarie.fr\/wp-content\/uploads\/2023\/04\/IMG_4447-225x300.jpg\" alt=\"\" width=\"225\" height=\"300\" srcset=\"https:\/\/stlumine-stemarie.fr\/wp-content\/uploads\/2023\/04\/IMG_4447-225x300.jpg 225w, https:\/\/stlumine-stemarie.fr\/wp-content\/uploads\/2023\/04\/IMG_4447-rotated.jpg 480w\" sizes=\"auto, (max-width: 225px) 100vw, 225px\" \/><\/a><a href=\"https:\/\/stlumine-stemarie.fr\/wp-content\/uploads\/2023\/04\/IMG_4451-rotated.jpg\"><img loading=\"lazy\" decoding=\"async\" class=\"aligncenter size-medium wp-image-5912\" src=\"https:\/\/stlumine-stemarie.fr\/wp-content\/uploads\/2023\/04\/IMG_4451-225x300.jpg\" alt=\"\" width=\"225\" height=\"300\" srcset=\"https:\/\/stlumine-stemarie.fr\/wp-content\/uploads\/2023\/04\/IMG_4451-225x300.jpg 225w, https:\/\/stlumine-stemarie.fr\/wp-content\/uploads\/2023\/04\/IMG_4451-rotated.jpg 480w\" sizes=\"auto, (max-width: 225px) 100vw, 225px\" \/><\/a><a href=\"https:\/\/stlumine-stemarie.fr\/wp-content\/uploads\/2023\/04\/IMG_4453-rotated.jpg\"><img loading=\"lazy\" decoding=\"async\" class=\"aligncenter size-medium wp-image-5911\" src=\"https:\/\/stlumine-stemarie.fr\/wp-content\/uploads\/2023\/04\/IMG_4453-225x300.jpg\" alt=\"\" width=\"225\" height=\"300\" srcset=\"https:\/\/stlumine-stemarie.fr\/wp-content\/uploads\/2023\/04\/IMG_4453-225x300.jpg 225w, https:\/\/stlumine-stemarie.fr\/wp-content\/uploads\/2023\/04\/IMG_4453-rotated.jpg 480w\" sizes=\"auto, (max-width: 225px) 100vw, 225px\" \/><\/a><\/p>\n<p>&nbsp;<\/p>\n","protected":false},"excerpt":{"rendered":"<p>Jeudi 13 avril, nous sommes all\u00e9s \u00e0 la Chapelle du Clos du Buis, pour c\u00e9l\u00e9brer la f\u00eate de P\u00e2ques. Nous avons chant\u00e9, dans\u00e9, \u00e9cout\u00e9 l&rsquo;histoire de J\u00e9sus. Enfin, nous avons d\u00e9cor\u00e9 la croix de J\u00e9sus avec de jolies fleurs en cr\u00e9pon. &nbsp; &nbsp;<\/p>\n","protected":false},"author":4,"featured_media":5911,"comment_status":"closed","ping_status":"closed","sticky":false,"template":"","format":"standard","meta":{"ngg_post_thumbnail":0,"footnotes":""},"categories":[17,29],"tags":[],"class_list":["post-5910","post","type-post","status-publish","format-standard","has-post-thumbnail","hentry","category-apel","category-psms"],"_links":{"self":[{"href":"https:\/\/stlumine-stemarie.fr\/index.php?rest_route=\/wp\/v2\/posts\/5910","targetHints":{"allow":["GET"]}}],"collection":[{"href":"https:\/\/stlumine-stemarie.fr\/index.php?rest_route=\/wp\/v2\/posts"}],"about":[{"href":"https:\/\/stlumine-stemarie.fr\/index.php?rest_route=\/wp\/v2\/types\/post"}],"author":[{"embeddable":true,"href":"https:\/\/stlumine-stemarie.fr\/index.php?rest_route=\/wp\/v2\/users\/4"}],"replies":[{"embeddable":true,"href":"https:\/\/stlumine-stemarie.fr\/index.php?rest_route=%2Fwp%2Fv2%2Fcomments&post=5910"}],"version-history":[{"count":2,"href":"https:\/\/stlumine-stemarie.fr\/index.php?rest_route=\/wp\/v2\/posts\/5910\/revisions"}],"predecessor-version":[{"id":5916,"href":"https:\/\/stlumine-stemarie.fr\/index.php?rest_route=\/wp\/v2\/posts\/5910\/revisions\/5916"}],"wp:featuredmedia":[{"embeddable":true,"href":"https:\/\/stlumine-stemarie.fr\/index.php?rest_route=\/wp\/v2\/media\/5911"}],"wp:attachment":[{"href":"https:\/\/stlumine-stemarie.fr\/index.php?rest_route=%2Fwp%2Fv2%2Fmedia&parent=5910"}],"wp:term":[{"taxonomy":"category","embeddable":true,"href":"https:\/\/stlumine-stemarie.fr\/index.php?rest_route=%2Fwp%2Fv2%2Fcategories&post=5910"},{"taxonomy":"post_tag","embeddable":true,"href":"https:\/\/stlumine-stemarie.fr\/index.php?rest_route=%2Fwp%2Fv2%2Ftags&post=5910"}],"curies":[{"name":"wp","href":"https:\/\/api.w.org\/{rel}","templated":true}]}}