{"id":5835,"date":"2023-03-20T21:52:48","date_gmt":"2023-03-20T20:52:48","guid":{"rendered":"https:\/\/stlumine-stemarie.fr\/?p=5835"},"modified":"2023-03-20T21:52:48","modified_gmt":"2023-03-20T20:52:48","slug":"michelle","status":"publish","type":"post","link":"https:\/\/stlumine-stemarie.fr\/?p=5835","title":{"rendered":"Michelle"},"content":{"rendered":"<p>Vendredi 10 mars, nous avons f\u00eat\u00e9 le d\u00e9part \u00e0 la retraite de Michelle, ASEM dans la classe de Nolwen.<\/p>\n<p>&nbsp;<\/p>\nngg_shortcode_0_placeholder\n","protected":false},"excerpt":{"rendered":"<p>Vendredi 10 mars, nous avons f\u00eat\u00e9 le d\u00e9part \u00e0 la retraite de Michelle, ASEM dans la classe de Nolwen. &nbsp; &nbsp;<\/p>\n","protected":false},"author":11,"featured_media":5869,"comment_status":"closed","ping_status":"closed","sticky":false,"template":"","format":"standard","meta":{"ngg_post_thumbnail":0,"footnotes":""},"categories":[17],"tags":[],"class_list":["post-5835","post","type-post","status-publish","format-standard","has-post-thumbnail","hentry","category-apel"],"_links":{"self":[{"href":"https:\/\/stlumine-stemarie.fr\/index.php?rest_route=\/wp\/v2\/posts\/5835","targetHints":{"allow":["GET"]}}],"collection":[{"href":"https:\/\/stlumine-stemarie.fr\/index.php?rest_route=\/wp\/v2\/posts"}],"about":[{"href":"https:\/\/stlumine-stemarie.fr\/index.php?rest_route=\/wp\/v2\/types\/post"}],"author":[{"embeddable":true,"href":"https:\/\/stlumine-stemarie.fr\/index.php?rest_route=\/wp\/v2\/users\/11"}],"replies":[{"embeddable":true,"href":"https:\/\/stlumine-stemarie.fr\/index.php?rest_route=%2Fwp%2Fv2%2Fcomments&post=5835"}],"version-history":[{"count":1,"href":"https:\/\/stlumine-stemarie.fr\/index.php?rest_route=\/wp\/v2\/posts\/5835\/revisions"}],"predecessor-version":[{"id":5870,"href":"https:\/\/stlumine-stemarie.fr\/index.php?rest_route=\/wp\/v2\/posts\/5835\/revisions\/5870"}],"wp:featuredmedia":[{"embeddable":true,"href":"https:\/\/stlumine-stemarie.fr\/index.php?rest_route=\/wp\/v2\/media\/5869"}],"wp:attachment":[{"href":"https:\/\/stlumine-stemarie.fr\/index.php?rest_route=%2Fwp%2Fv2%2Fmedia&parent=5835"}],"wp:term":[{"taxonomy":"category","embeddable":true,"href":"https:\/\/stlumine-stemarie.fr\/index.php?rest_route=%2Fwp%2Fv2%2Fcategories&post=5835"},{"taxonomy":"post_tag","embeddable":true,"href":"https:\/\/stlumine-stemarie.fr\/index.php?rest_route=%2Fwp%2Fv2%2Ftags&post=5835"}],"curies":[{"name":"wp","href":"https:\/\/api.w.org\/{rel}","templated":true}]}}