{"id":5809,"date":"2023-03-01T18:43:34","date_gmt":"2023-03-01T17:43:34","guid":{"rendered":"https:\/\/stlumine-stemarie.fr\/?p=5809"},"modified":"2023-03-01T18:44:23","modified_gmt":"2023-03-01T17:44:23","slug":"rencontre-parents-ecole-les-ecrans-question-dequilibre","status":"publish","type":"post","link":"https:\/\/stlumine-stemarie.fr\/?p=5809","title":{"rendered":"Rencontre Parents-\u00c9cole : les \u00e9crans, question d&rsquo;\u00e9quilibre"},"content":{"rendered":"<p style=\"text-align: right\">Hier soir avait lieu la 1\u00e8re Rencontre Parents-\u00c9cole sur le th\u00e8me \u00ab\u00a0les \u00e9crans, question d&rsquo;\u00e9quilibre\u00a0\u00bb avec 2 animateurs b\u00e9n\u00e9voles de l&rsquo;APEL44 form\u00e9s pour ce type d&rsquo;intervention.<\/p>\n<p style=\"text-align: left\">Ce f\u00fbt un moment convivial ponctu\u00e9 de petits ateliers et de parole d&rsquo;experts qui nous ont permis de discuter sur les actions que l&rsquo;on peut adopter pour accompagner nos enfants face aux \u00e9crans.<\/p>\n<p style=\"text-align: left\">La seconde r\u00e9union sur le m\u00eame th\u00e8me aura lieu le jeudi 23 mars \u00e0 20h00, n&rsquo;h\u00e9sitez pas \u00e0 vous inscrire.<br \/>\nhttps:\/\/framadate.org\/HazCjQ3kSaxLxnn7<\/p>\n<p style=\"text-align: center\"><img loading=\"lazy\" decoding=\"async\" class=\"alignnone size-thumbnail wp-image-5810\" src=\"https:\/\/stlumine-stemarie.fr\/wp-content\/uploads\/2023\/03\/20230228_201959-150x150.jpg\" alt=\"\" width=\"150\" height=\"150\" srcset=\"https:\/\/stlumine-stemarie.fr\/wp-content\/uploads\/2023\/03\/20230228_201959-150x150.jpg 150w, https:\/\/stlumine-stemarie.fr\/wp-content\/uploads\/2023\/03\/20230228_201959-570x570.jpg 570w, https:\/\/stlumine-stemarie.fr\/wp-content\/uploads\/2023\/03\/20230228_201959-380x380.jpg 380w, https:\/\/stlumine-stemarie.fr\/wp-content\/uploads\/2023\/03\/20230228_201959-285x285.jpg 285w\" sizes=\"auto, (max-width: 150px) 100vw, 150px\" \/> <img loading=\"lazy\" decoding=\"async\" class=\"alignnone size-thumbnail wp-image-5811\" src=\"https:\/\/stlumine-stemarie.fr\/wp-content\/uploads\/2023\/03\/20230228_201945-150x150.jpg\" alt=\"\" width=\"150\" height=\"150\" srcset=\"https:\/\/stlumine-stemarie.fr\/wp-content\/uploads\/2023\/03\/20230228_201945-150x150.jpg 150w, https:\/\/stlumine-stemarie.fr\/wp-content\/uploads\/2023\/03\/20230228_201945-570x570.jpg 570w, https:\/\/stlumine-stemarie.fr\/wp-content\/uploads\/2023\/03\/20230228_201945-380x380.jpg 380w, https:\/\/stlumine-stemarie.fr\/wp-content\/uploads\/2023\/03\/20230228_201945-285x285.jpg 285w\" sizes=\"auto, (max-width: 150px) 100vw, 150px\" \/><\/p>\n","protected":false},"excerpt":{"rendered":"<p>Hier soir avait lieu la 1\u00e8re Rencontre Parents-\u00c9cole sur le th\u00e8me \u00ab\u00a0les \u00e9crans, question d&rsquo;\u00e9quilibre\u00a0\u00bb avec 2 animateurs b\u00e9n\u00e9voles de l&rsquo;APEL44 form\u00e9s pour ce type d&rsquo;intervention. Ce f\u00fbt un moment convivial ponctu\u00e9 de petits ateliers et de parole d&rsquo;experts qui nous ont permis de discuter sur les actions que l&rsquo;on peut adopter pour accompagner nos<\/p>\n<p><a href=\"https:\/\/stlumine-stemarie.fr\/?p=5809\" class=\"more-link themebutton\">Read More<\/a><\/p>\n","protected":false},"author":11,"featured_media":5811,"comment_status":"closed","ping_status":"closed","sticky":false,"template":"","format":"standard","meta":{"ngg_post_thumbnail":0,"footnotes":""},"categories":[17],"tags":[],"class_list":["post-5809","post","type-post","status-publish","format-standard","has-post-thumbnail","hentry","category-apel"],"_links":{"self":[{"href":"https:\/\/stlumine-stemarie.fr\/index.php?rest_route=\/wp\/v2\/posts\/5809","targetHints":{"allow":["GET"]}}],"collection":[{"href":"https:\/\/stlumine-stemarie.fr\/index.php?rest_route=\/wp\/v2\/posts"}],"about":[{"href":"https:\/\/stlumine-stemarie.fr\/index.php?rest_route=\/wp\/v2\/types\/post"}],"author":[{"embeddable":true,"href":"https:\/\/stlumine-stemarie.fr\/index.php?rest_route=\/wp\/v2\/users\/11"}],"replies":[{"embeddable":true,"href":"https:\/\/stlumine-stemarie.fr\/index.php?rest_route=%2Fwp%2Fv2%2Fcomments&post=5809"}],"version-history":[{"count":2,"href":"https:\/\/stlumine-stemarie.fr\/index.php?rest_route=\/wp\/v2\/posts\/5809\/revisions"}],"predecessor-version":[{"id":5813,"href":"https:\/\/stlumine-stemarie.fr\/index.php?rest_route=\/wp\/v2\/posts\/5809\/revisions\/5813"}],"wp:featuredmedia":[{"embeddable":true,"href":"https:\/\/stlumine-stemarie.fr\/index.php?rest_route=\/wp\/v2\/media\/5811"}],"wp:attachment":[{"href":"https:\/\/stlumine-stemarie.fr\/index.php?rest_route=%2Fwp%2Fv2%2Fmedia&parent=5809"}],"wp:term":[{"taxonomy":"category","embeddable":true,"href":"https:\/\/stlumine-stemarie.fr\/index.php?rest_route=%2Fwp%2Fv2%2Fcategories&post=5809"},{"taxonomy":"post_tag","embeddable":true,"href":"https:\/\/stlumine-stemarie.fr\/index.php?rest_route=%2Fwp%2Fv2%2Ftags&post=5809"}],"curies":[{"name":"wp","href":"https:\/\/api.w.org\/{rel}","templated":true}]}}