{"id":5404,"date":"2022-09-24T07:16:24","date_gmt":"2022-09-24T05:16:24","guid":{"rendered":"https:\/\/stlumine-stemarie.fr\/?p=5404"},"modified":"2022-09-24T07:25:35","modified_gmt":"2022-09-24T05:25:35","slug":"photo-de-classe-2","status":"publish","type":"post","link":"https:\/\/stlumine-stemarie.fr\/?p=5404","title":{"rendered":"La Photo de Classe"},"content":{"rendered":"<div>Bonjour,<\/div>\n<div>&nbsp;<\/div>\n<div><i><strong>Les<\/strong><b> photos scolaires auront lieu <\/b><b>le Mardi 27 Septembre 2022. <\/b><\/i><i><\/i>Comme \u00e0 l&rsquo;accoutum\u00e9e, les enfants seront pris individuellement, avec leurs fr\u00e8res et s\u0153urs et avec la classe enti\u00e8re.<\/div>\n<div>&nbsp;<\/div>\n<div>\n<div id=\"m_-8345524539396341833Signature\">\n<div>Bien cordialement.<\/div>\n<div>&nbsp;<\/div>\n<div>Chantal DOFONNOU<\/div>\n<div><img loading=\"lazy\" decoding=\"async\" class=\"alignnone size-full wp-image-5405\" src=\"https:\/\/stlumine-stemarie.fr\/wp-content\/uploads\/2022\/09\/photo-de-classe-telechargement.jpg\" alt=\"\" width=\"263\" height=\"192\"><\/div>\n<\/div>\n<\/div>\n","protected":false},"excerpt":{"rendered":"<p>Bonjour, &nbsp; Les photos scolaires auront lieu le Mardi 27 Septembre 2022. Comme \u00e0 l&rsquo;accoutum\u00e9e, les enfants seront pris individuellement, avec leurs fr\u00e8res et s\u0153urs et avec la classe enti\u00e8re. &nbsp; Bien cordialement. &nbsp; Chantal DOFONNOU<\/p>\n","protected":false},"author":11,"featured_media":5405,"comment_status":"closed","ping_status":"closed","sticky":false,"template":"","format":"standard","meta":{"ngg_post_thumbnail":0,"footnotes":""},"categories":[17],"tags":[],"class_list":["post-5404","post","type-post","status-publish","format-standard","has-post-thumbnail","hentry","category-apel"],"_links":{"self":[{"href":"https:\/\/stlumine-stemarie.fr\/index.php?rest_route=\/wp\/v2\/posts\/5404","targetHints":{"allow":["GET"]}}],"collection":[{"href":"https:\/\/stlumine-stemarie.fr\/index.php?rest_route=\/wp\/v2\/posts"}],"about":[{"href":"https:\/\/stlumine-stemarie.fr\/index.php?rest_route=\/wp\/v2\/types\/post"}],"author":[{"embeddable":true,"href":"https:\/\/stlumine-stemarie.fr\/index.php?rest_route=\/wp\/v2\/users\/11"}],"replies":[{"embeddable":true,"href":"https:\/\/stlumine-stemarie.fr\/index.php?rest_route=%2Fwp%2Fv2%2Fcomments&post=5404"}],"version-history":[{"count":2,"href":"https:\/\/stlumine-stemarie.fr\/index.php?rest_route=\/wp\/v2\/posts\/5404\/revisions"}],"predecessor-version":[{"id":5407,"href":"https:\/\/stlumine-stemarie.fr\/index.php?rest_route=\/wp\/v2\/posts\/5404\/revisions\/5407"}],"wp:featuredmedia":[{"embeddable":true,"href":"https:\/\/stlumine-stemarie.fr\/index.php?rest_route=\/wp\/v2\/media\/5405"}],"wp:attachment":[{"href":"https:\/\/stlumine-stemarie.fr\/index.php?rest_route=%2Fwp%2Fv2%2Fmedia&parent=5404"}],"wp:term":[{"taxonomy":"category","embeddable":true,"href":"https:\/\/stlumine-stemarie.fr\/index.php?rest_route=%2Fwp%2Fv2%2Fcategories&post=5404"},{"taxonomy":"post_tag","embeddable":true,"href":"https:\/\/stlumine-stemarie.fr\/index.php?rest_route=%2Fwp%2Fv2%2Ftags&post=5404"}],"curies":[{"name":"wp","href":"https:\/\/api.w.org\/{rel}","templated":true}]}}