{"id":5357,"date":"2022-07-04T20:41:40","date_gmt":"2022-07-04T18:41:40","guid":{"rendered":"https:\/\/stlumine-stemarie.fr\/?p=5357"},"modified":"2022-07-04T20:45:39","modified_gmt":"2022-07-04T18:45:39","slug":"matinee-travaux","status":"publish","type":"post","link":"https:\/\/stlumine-stemarie.fr\/?p=5357","title":{"rendered":"Matin\u00e9e Travaux"},"content":{"rendered":"<p>A l\u2019attention des parents d\u2019\u00e9l\u00e8ves,<\/p>\n<p>Afin de rendre l\u2019\u00e9cole de nos enfants plus agr\u00e9able, l\u2019Ogec-Apel organise une matin\u00e9e travaux le Samedi 09 Juillet 2022 \u00e0 8h30.<br \/>\nLe rendez-vous est \u00e0 l\u2019\u00e9cole Sainte Marie (portail gris). Tous les b\u00e9n\u00e9voles sont les bienvenus, aucune comp\u00e9tence particuli\u00e8re ne vous est demand\u00e9e.<\/p>\n<p>Cette matin\u00e9e sera principalement consacr\u00e9e \u00e0 :<\/p>\n<p><strong>Site Sainte-Marie<\/strong><br \/>\nInstallation de 2 vid\u00e9oprojecteurs<br \/>\nEnduit au droit des anciens murs<br \/>\nAm\u00e9nagement du grenier<br \/>\nR\u00e9paration de portes et portails<br \/>\nEntretien de l&rsquo;espace de motricit\u00e9 ext\u00e9rieure<br \/>\nNettoyage final du mur rue de la paix<\/p>\n<p><strong>Site Saint Joseph<\/strong><br \/>\nModification d\u2019un placard<br \/>\nInstallation de 2 vid\u00e9oprojecteurs<br \/>\nElagage des arbres du jardin<\/p>\n<p><strong>G\u00e9n\u00e9ral<\/strong><br \/>\nEntretien des espaces ext\u00e9rieurs (mauvaises herbes)<br \/>\nDivers petits travaux d&rsquo;entretien courant<br \/>\nA la fin de la matin\u00e9e, des grillades seront servies aux b\u00e9n\u00e9voles.<\/p>\n<p>Nous vous attendons nombreux !<br \/>\nNous comptons sur vous !<\/p>\n<p>La commission Travaux<\/p>\n<p><img loading=\"lazy\" decoding=\"async\" class=\"alignnone size-full wp-image-5358\" src=\"https:\/\/stlumine-stemarie.fr\/wp-content\/uploads\/2022\/07\/images-travaux.png\" alt=\"\" width=\"164\" height=\"139\"><\/p>\n","protected":false},"excerpt":{"rendered":"<p>A l\u2019attention des parents d\u2019\u00e9l\u00e8ves, Afin de rendre l\u2019\u00e9cole de nos enfants plus agr\u00e9able, l\u2019Ogec-Apel organise une matin\u00e9e travaux le Samedi 09 Juillet 2022 \u00e0 8h30. Le rendez-vous est \u00e0 l\u2019\u00e9cole Sainte Marie (portail gris). Tous les b\u00e9n\u00e9voles sont les bienvenus, aucune comp\u00e9tence particuli\u00e8re ne vous est demand\u00e9e. Cette matin\u00e9e sera principalement consacr\u00e9e \u00e0 :<\/p>\n<p><a href=\"https:\/\/stlumine-stemarie.fr\/?p=5357\" class=\"more-link themebutton\">Read More<\/a><\/p>\n","protected":false},"author":11,"featured_media":5358,"comment_status":"closed","ping_status":"closed","sticky":false,"template":"","format":"standard","meta":{"ngg_post_thumbnail":0,"footnotes":""},"categories":[17],"tags":[],"class_list":["post-5357","post","type-post","status-publish","format-standard","has-post-thumbnail","hentry","category-apel"],"_links":{"self":[{"href":"https:\/\/stlumine-stemarie.fr\/index.php?rest_route=\/wp\/v2\/posts\/5357","targetHints":{"allow":["GET"]}}],"collection":[{"href":"https:\/\/stlumine-stemarie.fr\/index.php?rest_route=\/wp\/v2\/posts"}],"about":[{"href":"https:\/\/stlumine-stemarie.fr\/index.php?rest_route=\/wp\/v2\/types\/post"}],"author":[{"embeddable":true,"href":"https:\/\/stlumine-stemarie.fr\/index.php?rest_route=\/wp\/v2\/users\/11"}],"replies":[{"embeddable":true,"href":"https:\/\/stlumine-stemarie.fr\/index.php?rest_route=%2Fwp%2Fv2%2Fcomments&post=5357"}],"version-history":[{"count":1,"href":"https:\/\/stlumine-stemarie.fr\/index.php?rest_route=\/wp\/v2\/posts\/5357\/revisions"}],"predecessor-version":[{"id":5359,"href":"https:\/\/stlumine-stemarie.fr\/index.php?rest_route=\/wp\/v2\/posts\/5357\/revisions\/5359"}],"wp:featuredmedia":[{"embeddable":true,"href":"https:\/\/stlumine-stemarie.fr\/index.php?rest_route=\/wp\/v2\/media\/5358"}],"wp:attachment":[{"href":"https:\/\/stlumine-stemarie.fr\/index.php?rest_route=%2Fwp%2Fv2%2Fmedia&parent=5357"}],"wp:term":[{"taxonomy":"category","embeddable":true,"href":"https:\/\/stlumine-stemarie.fr\/index.php?rest_route=%2Fwp%2Fv2%2Fcategories&post=5357"},{"taxonomy":"post_tag","embeddable":true,"href":"https:\/\/stlumine-stemarie.fr\/index.php?rest_route=%2Fwp%2Fv2%2Ftags&post=5357"}],"curies":[{"name":"wp","href":"https:\/\/api.w.org\/{rel}","templated":true}]}}