{"id":5088,"date":"2022-01-23T12:36:18","date_gmt":"2022-01-23T11:36:18","guid":{"rendered":"https:\/\/stlumine-stemarie.fr\/?p=5088"},"modified":"2022-01-23T12:36:18","modified_gmt":"2022-01-23T11:36:18","slug":"absence-de-nathalie-classe-de-ce2-cm1","status":"publish","type":"post","link":"https:\/\/stlumine-stemarie.fr\/?p=5088","title":{"rendered":"Absence de Nathalie Classe de CE2 &#8211; CM1"},"content":{"rendered":"<div>Bonjour \u00e0 tous,<\/div>\n<div>&nbsp;<\/div>\n<div>Comme vous le savez peut-\u00eatre, Nathalie, \u00e0 son grand d\u00e9sarroi, est absente jusqu&rsquo;aux vacances.<\/div>\n<div>Pour l&rsquo;instant, nous n&rsquo;avons pas de suppl\u00e9ants (esp\u00e8ce en grande voie de disparition en ce temps de crise sanitaire).<\/div>\n<div>&nbsp;<\/div>\n<div>Nous avons donc mis en place une organisation pour palier \u00e0 cette absence :<\/div>\n<div>Annabelle et Virginie sont venues assurer l&rsquo;apr\u00e8s- midi avec les CE2 CM1. Le matin, Michelle Perrocheau, mamie d&rsquo;un \u00e9l\u00e8ve de Nathalie, est venue assurer le sport pour chaque classe. La mise en place de ces ressources permettent d&rsquo;avoir un temps particulier avec chaque groupe et les apprentissages, notamment en maths et en fran\u00e7ais se d\u00e9roulent bien.&nbsp;<\/div>\n<div>&nbsp;<\/div>\n<div>Jusqu&rsquo;\u00e0 l&rsquo;arriv\u00e9e d&rsquo;un(e) suppl\u00e9ant(e), nous garderons la m\u00eame organisation et nous pourrons \u00e9galement compter sur l&rsquo;aide d&rsquo;une stagiaire exp\u00e9riment\u00e9e et comp\u00e9tente qui arrive lundi.&nbsp;<\/div>\n<div>&nbsp;<\/div>\n<div>Merci pour votre compr\u00e9hension.&nbsp;<\/div>\n<div>&nbsp;<\/div>\n<div>Cordialement.<\/div>\n<div>&nbsp;<\/div>\n<div>Chantal&nbsp;<\/div>\n","protected":false},"excerpt":{"rendered":"<p>Bonjour \u00e0 tous, &nbsp; Comme vous le savez peut-\u00eatre, Nathalie, \u00e0 son grand d\u00e9sarroi, est absente jusqu&rsquo;aux vacances. Pour l&rsquo;instant, nous n&rsquo;avons pas de suppl\u00e9ants (esp\u00e8ce en grande voie de disparition en ce temps de crise sanitaire). &nbsp; Nous avons donc mis en place une organisation pour palier \u00e0 cette absence : Annabelle et Virginie<\/p>\n<p><a href=\"https:\/\/stlumine-stemarie.fr\/?p=5088\" class=\"more-link themebutton\">Read More<\/a><\/p>\n","protected":false},"author":11,"featured_media":0,"comment_status":"closed","ping_status":"closed","sticky":false,"template":"","format":"standard","meta":{"ngg_post_thumbnail":0,"footnotes":""},"categories":[17],"tags":[],"class_list":["post-5088","post","type-post","status-publish","format-standard","hentry","category-apel"],"_links":{"self":[{"href":"https:\/\/stlumine-stemarie.fr\/index.php?rest_route=\/wp\/v2\/posts\/5088","targetHints":{"allow":["GET"]}}],"collection":[{"href":"https:\/\/stlumine-stemarie.fr\/index.php?rest_route=\/wp\/v2\/posts"}],"about":[{"href":"https:\/\/stlumine-stemarie.fr\/index.php?rest_route=\/wp\/v2\/types\/post"}],"author":[{"embeddable":true,"href":"https:\/\/stlumine-stemarie.fr\/index.php?rest_route=\/wp\/v2\/users\/11"}],"replies":[{"embeddable":true,"href":"https:\/\/stlumine-stemarie.fr\/index.php?rest_route=%2Fwp%2Fv2%2Fcomments&post=5088"}],"version-history":[{"count":1,"href":"https:\/\/stlumine-stemarie.fr\/index.php?rest_route=\/wp\/v2\/posts\/5088\/revisions"}],"predecessor-version":[{"id":5089,"href":"https:\/\/stlumine-stemarie.fr\/index.php?rest_route=\/wp\/v2\/posts\/5088\/revisions\/5089"}],"wp:attachment":[{"href":"https:\/\/stlumine-stemarie.fr\/index.php?rest_route=%2Fwp%2Fv2%2Fmedia&parent=5088"}],"wp:term":[{"taxonomy":"category","embeddable":true,"href":"https:\/\/stlumine-stemarie.fr\/index.php?rest_route=%2Fwp%2Fv2%2Fcategories&post=5088"},{"taxonomy":"post_tag","embeddable":true,"href":"https:\/\/stlumine-stemarie.fr\/index.php?rest_route=%2Fwp%2Fv2%2Ftags&post=5088"}],"curies":[{"name":"wp","href":"https:\/\/api.w.org\/{rel}","templated":true}]}}