{"id":5048,"date":"2021-12-20T19:39:26","date_gmt":"2021-12-20T18:39:26","guid":{"rendered":"https:\/\/stlumine-stemarie.fr\/?p=5048"},"modified":"2021-12-20T19:39:26","modified_gmt":"2021-12-20T18:39:26","slug":"en-attendant-noel-dans-la-classe-des-gs-cp","status":"publish","type":"post","link":"https:\/\/stlumine-stemarie.fr\/?p=5048","title":{"rendered":"En attendant No\u00ebl dans la classe des GS-CP"},"content":{"rendered":"<div dir=\"auto\"><i>En pr\u00e9paration de la f\u00eate tant attendue de No\u00ebl, les enfants de la classe de GS-CP d\u00e9couvrent chaque matin un petit chocolat et une image qu&rsquo;ils colorient et qu&rsquo;ils collent sur le sapin de la classe.&nbsp;<\/i><\/div>\n<div dir=\"auto\"><i>Les enfants de CP ont r\u00e9alis\u00e9 une chasse aux mots de No\u00ebl dans la classe et dans la salle de motricit\u00e9, alors que les enfants de GS ont re\u00e7u un dossier de No\u00ebl avec de nombreuses activit\u00e9s \u00e0 r\u00e9aliser.<\/i><\/div>\n<div dir=\"auto\"><i>&nbsp;<\/i><\/div>\n<div dir=\"auto\"><i>Ils ont v\u00e9cu une belle c\u00e9l\u00e9bration et d\u00e9couvert Saint Nicolas avec son \u00e2ne \u00e0 la sortie de l&rsquo;\u00e9glise.&nbsp;<\/i><\/div>\n<div dir=\"auto\"><img loading=\"lazy\" decoding=\"async\" class=\"size-large wp-image-5049 aligncenter\" src=\"https:\/\/stlumine-stemarie.fr\/wp-content\/uploads\/2021\/12\/IMG20211206110020-768x1024.jpg\" alt=\"\" width=\"768\" height=\"1024\" srcset=\"https:\/\/stlumine-stemarie.fr\/wp-content\/uploads\/2021\/12\/IMG20211206110020-768x1024.jpg 768w, https:\/\/stlumine-stemarie.fr\/wp-content\/uploads\/2021\/12\/IMG20211206110020-225x300.jpg 225w, https:\/\/stlumine-stemarie.fr\/wp-content\/uploads\/2021\/12\/IMG20211206110020-1152x1536.jpg 1152w, https:\/\/stlumine-stemarie.fr\/wp-content\/uploads\/2021\/12\/IMG20211206110020.jpg 1440w\" sizes=\"auto, (max-width: 768px) 100vw, 768px\" \/><\/div>\n<div dir=\"auto\"><i>&nbsp;<\/i><\/div>\n<div dir=\"auto\"><i>Ils ont aussi d\u00e9cor\u00e9 la classe et r\u00e9alis\u00e9 des bricolages pour le march\u00e9 de No\u00ebl.&nbsp;<\/i><\/div>\n<div dir=\"auto\"><img loading=\"lazy\" decoding=\"async\" class=\"size-large wp-image-5052 aligncenter\" src=\"https:\/\/stlumine-stemarie.fr\/wp-content\/uploads\/2021\/12\/IMG20211213144756-1024x768.jpg\" alt=\"\" width=\"1024\" height=\"768\" srcset=\"https:\/\/stlumine-stemarie.fr\/wp-content\/uploads\/2021\/12\/IMG20211213144756-1024x768.jpg 1024w, https:\/\/stlumine-stemarie.fr\/wp-content\/uploads\/2021\/12\/IMG20211213144756-300x225.jpg 300w, https:\/\/stlumine-stemarie.fr\/wp-content\/uploads\/2021\/12\/IMG20211213144756-768x576.jpg 768w, https:\/\/stlumine-stemarie.fr\/wp-content\/uploads\/2021\/12\/IMG20211213144756-1536x1152.jpg 1536w, https:\/\/stlumine-stemarie.fr\/wp-content\/uploads\/2021\/12\/IMG20211213144756.jpg 1920w\" sizes=\"auto, (max-width: 1024px) 100vw, 1024px\" \/><\/div>\n<div dir=\"auto\"><i>&nbsp;<\/i><\/div>\n<div dir=\"auto\"><i>Dans la salle de motricit\u00e9, les enfants ont pu \u00e9couter 2 histoires de No\u00ebl lues par des parents b\u00e9n\u00e9voles et ont pu appr\u00e9cier la venue de P\u00e8re-No\u00ebl.<\/i><\/div>\n<div dir=\"auto\"><i>C&rsquo;\u00e9tait un chouette moment !<\/i><\/div>\n<div dir=\"auto\"><i><img loading=\"lazy\" decoding=\"async\" class=\"size-large wp-image-5050 aligncenter\" src=\"https:\/\/stlumine-stemarie.fr\/wp-content\/uploads\/2021\/12\/IMG20211210111000-1024x768.jpg\" alt=\"\" width=\"1024\" height=\"768\" srcset=\"https:\/\/stlumine-stemarie.fr\/wp-content\/uploads\/2021\/12\/IMG20211210111000-1024x768.jpg 1024w, https:\/\/stlumine-stemarie.fr\/wp-content\/uploads\/2021\/12\/IMG20211210111000-300x225.jpg 300w, https:\/\/stlumine-stemarie.fr\/wp-content\/uploads\/2021\/12\/IMG20211210111000-768x576.jpg 768w, https:\/\/stlumine-stemarie.fr\/wp-content\/uploads\/2021\/12\/IMG20211210111000-1536x1152.jpg 1536w, https:\/\/stlumine-stemarie.fr\/wp-content\/uploads\/2021\/12\/IMG20211210111000.jpg 1920w\" sizes=\"auto, (max-width: 1024px) 100vw, 1024px\" \/><\/i><\/div>\n<div dir=\"auto\"><img loading=\"lazy\" decoding=\"async\" class=\"size-large wp-image-5051 aligncenter\" src=\"https:\/\/stlumine-stemarie.fr\/wp-content\/uploads\/2021\/12\/IMG20211210112420-1024x768.jpg\" alt=\"\" width=\"1024\" height=\"768\" data-wp-editing=\"1\" srcset=\"https:\/\/stlumine-stemarie.fr\/wp-content\/uploads\/2021\/12\/IMG20211210112420-1024x768.jpg 1024w, https:\/\/stlumine-stemarie.fr\/wp-content\/uploads\/2021\/12\/IMG20211210112420-300x225.jpg 300w, https:\/\/stlumine-stemarie.fr\/wp-content\/uploads\/2021\/12\/IMG20211210112420-768x576.jpg 768w, https:\/\/stlumine-stemarie.fr\/wp-content\/uploads\/2021\/12\/IMG20211210112420-1536x1152.jpg 1536w, https:\/\/stlumine-stemarie.fr\/wp-content\/uploads\/2021\/12\/IMG20211210112420.jpg 1920w\" sizes=\"auto, (max-width: 1024px) 100vw, 1024px\" \/><\/div>\n<div dir=\"auto\"><i>Ils apprennent aussi une jolie chanson que je vous laisse d\u00e9couvrir&#8230;!<br \/>\n<\/i><\/div>\n<div dir=\"auto\">\n<!--[if lt IE 9]><script>document.createElement('audio');<\/script><![endif]-->\n<audio class=\"wp-audio-shortcode\" id=\"audio-5048-1\" preload=\"none\" style=\"width: 100%;\" controls=\"controls\"><source type=\"audio\/mpeg\" src=\"https:\/\/stlumine-stemarie.fr\/wp-content\/uploads\/2021\/12\/petit-garcon-Gs-Cp.mp3?_=1\" \/><a href=\"https:\/\/stlumine-stemarie.fr\/wp-content\/uploads\/2021\/12\/petit-garcon-Gs-Cp.mp3\">https:\/\/stlumine-stemarie.fr\/wp-content\/uploads\/2021\/12\/petit-garcon-Gs-Cp.mp3<\/a><\/audio>\n<\/div>\n<div dir=\"auto\"><i>&nbsp;<\/i><\/div>\n<div dir=\"auto\"><i>Joyeux No\u00ebl \u00e0 toutes et tous!<\/i><\/div>\n<div dir=\"auto\">&nbsp;<\/div>\n<div dir=\"auto\">&nbsp;<\/div>\n","protected":false},"excerpt":{"rendered":"<p>En pr\u00e9paration de la f\u00eate tant attendue de No\u00ebl, les enfants de la classe de GS-CP d\u00e9couvrent chaque matin un petit chocolat et une image qu&rsquo;ils colorient et qu&rsquo;ils collent sur le sapin de la classe.&nbsp; Les enfants de CP ont r\u00e9alis\u00e9 une chasse aux mots de No\u00ebl dans la classe et dans la salle<\/p>\n<p><a href=\"https:\/\/stlumine-stemarie.fr\/?p=5048\" class=\"more-link themebutton\">Read More<\/a><\/p>\n","protected":false},"author":11,"featured_media":5052,"comment_status":"closed","ping_status":"closed","sticky":false,"template":"","format":"standard","meta":{"ngg_post_thumbnail":0,"footnotes":""},"categories":[17],"tags":[],"class_list":["post-5048","post","type-post","status-publish","format-standard","has-post-thumbnail","hentry","category-apel"],"_links":{"self":[{"href":"https:\/\/stlumine-stemarie.fr\/index.php?rest_route=\/wp\/v2\/posts\/5048","targetHints":{"allow":["GET"]}}],"collection":[{"href":"https:\/\/stlumine-stemarie.fr\/index.php?rest_route=\/wp\/v2\/posts"}],"about":[{"href":"https:\/\/stlumine-stemarie.fr\/index.php?rest_route=\/wp\/v2\/types\/post"}],"author":[{"embeddable":true,"href":"https:\/\/stlumine-stemarie.fr\/index.php?rest_route=\/wp\/v2\/users\/11"}],"replies":[{"embeddable":true,"href":"https:\/\/stlumine-stemarie.fr\/index.php?rest_route=%2Fwp%2Fv2%2Fcomments&post=5048"}],"version-history":[{"count":1,"href":"https:\/\/stlumine-stemarie.fr\/index.php?rest_route=\/wp\/v2\/posts\/5048\/revisions"}],"predecessor-version":[{"id":5054,"href":"https:\/\/stlumine-stemarie.fr\/index.php?rest_route=\/wp\/v2\/posts\/5048\/revisions\/5054"}],"wp:featuredmedia":[{"embeddable":true,"href":"https:\/\/stlumine-stemarie.fr\/index.php?rest_route=\/wp\/v2\/media\/5052"}],"wp:attachment":[{"href":"https:\/\/stlumine-stemarie.fr\/index.php?rest_route=%2Fwp%2Fv2%2Fmedia&parent=5048"}],"wp:term":[{"taxonomy":"category","embeddable":true,"href":"https:\/\/stlumine-stemarie.fr\/index.php?rest_route=%2Fwp%2Fv2%2Fcategories&post=5048"},{"taxonomy":"post_tag","embeddable":true,"href":"https:\/\/stlumine-stemarie.fr\/index.php?rest_route=%2Fwp%2Fv2%2Ftags&post=5048"}],"curies":[{"name":"wp","href":"https:\/\/api.w.org\/{rel}","templated":true}]}}