{"id":4903,"date":"2021-11-22T06:15:28","date_gmt":"2021-11-22T05:15:28","guid":{"rendered":"https:\/\/stlumine-stemarie.fr\/?p=4903"},"modified":"2021-11-22T06:16:18","modified_gmt":"2021-11-22T05:16:18","slug":"assemblee-generale-le-26-11-2021","status":"publish","type":"post","link":"https:\/\/stlumine-stemarie.fr\/?p=4903","title":{"rendered":"Assembl\u00e9e G\u00e9n\u00e9rale, le 26.11.2021"},"content":{"rendered":"<div>Chers parents,<\/div>\n<div>&nbsp;<\/div>\n<div>Nous vous attendons nombreux pour notre&nbsp;Assembl\u00e9e&nbsp;G\u00e9n\u00e9rale&nbsp;qui se tiendra le&nbsp;<span style=\"color: #0b5394\"><b>Vendredi 26 Novembre 2021 \u00e0 20h00<\/b><\/span><span style=\"color: #000000\">&nbsp;sur le site Ste Marie. (salle de motricit\u00e9)<br \/>\n<\/span><\/div>\n<div><span style=\"color: #000000\">A l&rsquo;ordre du jour :<\/span><\/div>\n<div>\n<ul>\n<li>La pr\u00e9sentation et l&rsquo;organisation de notre \u00e9cole.<\/li>\n<li>Le bilan de l&rsquo;ann\u00e9e scolaire 2020\/2021.<\/li>\n<li>Le bilan moral et financier 2020\/2021.<\/li>\n<li>Les diff\u00e9rents projets (p\u00e9dagogiques, manifestations&#8230;).<\/li>\n<\/ul>\n<div>Nous comptons sur votre pr\u00e9sence.<\/div>\n<div>Cordialement,<\/div>\n<div>L&rsquo;APEL &#8211; OGEC<\/div>\n<div><img loading=\"lazy\" decoding=\"async\" class=\"alignnone size-full wp-image-4904\" src=\"https:\/\/stlumine-stemarie.fr\/wp-content\/uploads\/2021\/11\/Assemblee-generale-2021.jpg\" alt=\"\" width=\"267\" height=\"189\"><\/div>\n<\/div>\n","protected":false},"excerpt":{"rendered":"<p>Chers parents, &nbsp; Nous vous attendons nombreux pour notre&nbsp;Assembl\u00e9e&nbsp;G\u00e9n\u00e9rale&nbsp;qui se tiendra le&nbsp;Vendredi 26 Novembre 2021 \u00e0 20h00&nbsp;sur le site Ste Marie. (salle de motricit\u00e9) A l&rsquo;ordre du jour : La pr\u00e9sentation et l&rsquo;organisation de notre \u00e9cole. Le bilan de l&rsquo;ann\u00e9e scolaire 2020\/2021. Le bilan moral et financier 2020\/2021. Les diff\u00e9rents projets (p\u00e9dagogiques, manifestations&#8230;). Nous comptons<\/p>\n<p><a href=\"https:\/\/stlumine-stemarie.fr\/?p=4903\" class=\"more-link themebutton\">Read More<\/a><\/p>\n","protected":false},"author":11,"featured_media":4904,"comment_status":"closed","ping_status":"closed","sticky":false,"template":"","format":"standard","meta":{"ngg_post_thumbnail":0,"footnotes":""},"categories":[17],"tags":[],"class_list":["post-4903","post","type-post","status-publish","format-standard","has-post-thumbnail","hentry","category-apel"],"_links":{"self":[{"href":"https:\/\/stlumine-stemarie.fr\/index.php?rest_route=\/wp\/v2\/posts\/4903","targetHints":{"allow":["GET"]}}],"collection":[{"href":"https:\/\/stlumine-stemarie.fr\/index.php?rest_route=\/wp\/v2\/posts"}],"about":[{"href":"https:\/\/stlumine-stemarie.fr\/index.php?rest_route=\/wp\/v2\/types\/post"}],"author":[{"embeddable":true,"href":"https:\/\/stlumine-stemarie.fr\/index.php?rest_route=\/wp\/v2\/users\/11"}],"replies":[{"embeddable":true,"href":"https:\/\/stlumine-stemarie.fr\/index.php?rest_route=%2Fwp%2Fv2%2Fcomments&post=4903"}],"version-history":[{"count":2,"href":"https:\/\/stlumine-stemarie.fr\/index.php?rest_route=\/wp\/v2\/posts\/4903\/revisions"}],"predecessor-version":[{"id":4906,"href":"https:\/\/stlumine-stemarie.fr\/index.php?rest_route=\/wp\/v2\/posts\/4903\/revisions\/4906"}],"wp:featuredmedia":[{"embeddable":true,"href":"https:\/\/stlumine-stemarie.fr\/index.php?rest_route=\/wp\/v2\/media\/4904"}],"wp:attachment":[{"href":"https:\/\/stlumine-stemarie.fr\/index.php?rest_route=%2Fwp%2Fv2%2Fmedia&parent=4903"}],"wp:term":[{"taxonomy":"category","embeddable":true,"href":"https:\/\/stlumine-stemarie.fr\/index.php?rest_route=%2Fwp%2Fv2%2Fcategories&post=4903"},{"taxonomy":"post_tag","embeddable":true,"href":"https:\/\/stlumine-stemarie.fr\/index.php?rest_route=%2Fwp%2Fv2%2Ftags&post=4903"}],"curies":[{"name":"wp","href":"https:\/\/api.w.org\/{rel}","templated":true}]}}