{"id":4884,"date":"2021-11-07T07:06:17","date_gmt":"2021-11-07T06:06:17","guid":{"rendered":"https:\/\/stlumine-stemarie.fr\/?p=4884"},"modified":"2021-11-07T07:06:17","modified_gmt":"2021-11-07T06:06:17","slug":"photo-de-classe","status":"publish","type":"post","link":"https:\/\/stlumine-stemarie.fr\/?p=4884","title":{"rendered":"Photo de classe"},"content":{"rendered":"<div><i>Bonjour, <\/i><\/div>\n<div>&nbsp;<\/div>\n<div><i><strong>La<\/strong><b> photo scolaire aura lieu <\/b><b>le Mardi 9 Novembre 2021. <\/b><\/i><i><\/i>Comme \u00e0 l&rsquo;accoutum\u00e9e, les enfants seront pris individuellement, avec leurs fr\u00e8res et s\u0153urs et avec la classe enti\u00e8re.<\/div>\n<div>&nbsp;<\/div>\n<div>Nous resteront tr\u00e8s vigilants sur le respect des normes sanitaires et des gestes barri\u00e8res.<\/div>\n<div>&nbsp;<\/div>\n<div>\n<div id=\"m_-8345524539396341833Signature\">\n<div>Bien cordialement.<\/div>\n<div>&nbsp;<\/div>\n<div>Chantal DOFONNOU<\/div>\n<\/div>\n<div><img loading=\"lazy\" decoding=\"async\" class=\"alignnone size-full wp-image-4885\" src=\"https:\/\/stlumine-stemarie.fr\/wp-content\/uploads\/2021\/11\/photo-de-classe-telechargement.jpg\" alt=\"\" width=\"263\" height=\"192\"><\/div>\n<\/div>\n","protected":false},"excerpt":{"rendered":"<p>Bonjour, &nbsp; La photo scolaire aura lieu le Mardi 9 Novembre 2021. Comme \u00e0 l&rsquo;accoutum\u00e9e, les enfants seront pris individuellement, avec leurs fr\u00e8res et s\u0153urs et avec la classe enti\u00e8re. &nbsp; Nous resteront tr\u00e8s vigilants sur le respect des normes sanitaires et des gestes barri\u00e8res. &nbsp; Bien cordialement. &nbsp; Chantal DOFONNOU<\/p>\n","protected":false},"author":11,"featured_media":4885,"comment_status":"closed","ping_status":"closed","sticky":false,"template":"","format":"standard","meta":{"ngg_post_thumbnail":0,"footnotes":""},"categories":[17],"tags":[],"class_list":["post-4884","post","type-post","status-publish","format-standard","has-post-thumbnail","hentry","category-apel"],"_links":{"self":[{"href":"https:\/\/stlumine-stemarie.fr\/index.php?rest_route=\/wp\/v2\/posts\/4884","targetHints":{"allow":["GET"]}}],"collection":[{"href":"https:\/\/stlumine-stemarie.fr\/index.php?rest_route=\/wp\/v2\/posts"}],"about":[{"href":"https:\/\/stlumine-stemarie.fr\/index.php?rest_route=\/wp\/v2\/types\/post"}],"author":[{"embeddable":true,"href":"https:\/\/stlumine-stemarie.fr\/index.php?rest_route=\/wp\/v2\/users\/11"}],"replies":[{"embeddable":true,"href":"https:\/\/stlumine-stemarie.fr\/index.php?rest_route=%2Fwp%2Fv2%2Fcomments&post=4884"}],"version-history":[{"count":1,"href":"https:\/\/stlumine-stemarie.fr\/index.php?rest_route=\/wp\/v2\/posts\/4884\/revisions"}],"predecessor-version":[{"id":4886,"href":"https:\/\/stlumine-stemarie.fr\/index.php?rest_route=\/wp\/v2\/posts\/4884\/revisions\/4886"}],"wp:featuredmedia":[{"embeddable":true,"href":"https:\/\/stlumine-stemarie.fr\/index.php?rest_route=\/wp\/v2\/media\/4885"}],"wp:attachment":[{"href":"https:\/\/stlumine-stemarie.fr\/index.php?rest_route=%2Fwp%2Fv2%2Fmedia&parent=4884"}],"wp:term":[{"taxonomy":"category","embeddable":true,"href":"https:\/\/stlumine-stemarie.fr\/index.php?rest_route=%2Fwp%2Fv2%2Fcategories&post=4884"},{"taxonomy":"post_tag","embeddable":true,"href":"https:\/\/stlumine-stemarie.fr\/index.php?rest_route=%2Fwp%2Fv2%2Ftags&post=4884"}],"curies":[{"name":"wp","href":"https:\/\/api.w.org\/{rel}","templated":true}]}}