{"id":4832,"date":"2021-10-30T07:27:43","date_gmt":"2021-10-30T05:27:43","guid":{"rendered":"https:\/\/stlumine-stemarie.fr\/?p=4832"},"modified":"2021-10-30T07:27:43","modified_gmt":"2021-10-30T05:27:43","slug":"le-conseil-municipal-des-enfants","status":"publish","type":"post","link":"https:\/\/stlumine-stemarie.fr\/?p=4832","title":{"rendered":"Le Conseil  Municipal des Enfants"},"content":{"rendered":"<p>Le Conseil Municipal des Enfants continue \u00e0 St Lumine de Coutais.&nbsp;<\/p>\n<p>Vendredi 8 Octobre 2021, Mr Bernard COUDRIAU (maire) et&nbsp; Mr Yves MUSSET&nbsp; (premier adjoint) sont venus pr\u00e9senter le Conseil Municipal des Enfants aux CM1 et CM2. Ils ont expliqu\u00e9 le but, les objectifs et le fonctionnement de ce Conseil Municipal des Enfants.<\/p>\n<p>De nombreux \u00e9l\u00e8ves de CM sont d\u00e9j\u00e0 motiv\u00e9s pour relever le d\u00e9fi et la campagne \u00e9lectorale commence, pour eux, d\u00e8s Novembre. C&rsquo; est un vrai plaisir de collaborer ainsi avec la mairie pour un tel projet, projet tr\u00e8s enrichissant qui contribue \u00e0&nbsp; la construction citoyenne de chacun.&nbsp;<\/p>\n<p><img loading=\"lazy\" decoding=\"async\" class=\"alignnone size-large wp-image-4833\" src=\"https:\/\/stlumine-stemarie.fr\/wp-content\/uploads\/2021\/10\/IMG-20211019-WA0014-1024x768.jpg\" alt=\"\" width=\"1024\" height=\"768\" srcset=\"https:\/\/stlumine-stemarie.fr\/wp-content\/uploads\/2021\/10\/IMG-20211019-WA0014-1024x768.jpg 1024w, https:\/\/stlumine-stemarie.fr\/wp-content\/uploads\/2021\/10\/IMG-20211019-WA0014-300x225.jpg 300w, https:\/\/stlumine-stemarie.fr\/wp-content\/uploads\/2021\/10\/IMG-20211019-WA0014-768x576.jpg 768w, https:\/\/stlumine-stemarie.fr\/wp-content\/uploads\/2021\/10\/IMG-20211019-WA0014-1536x1152.jpg 1536w, https:\/\/stlumine-stemarie.fr\/wp-content\/uploads\/2021\/10\/IMG-20211019-WA0014.jpg 2000w\" sizes=\"auto, (max-width: 1024px) 100vw, 1024px\" \/> <img loading=\"lazy\" decoding=\"async\" class=\"alignnone size-large wp-image-4834\" src=\"https:\/\/stlumine-stemarie.fr\/wp-content\/uploads\/2021\/10\/IMG-20211019-WA0018-1024x768.jpg\" alt=\"\" width=\"1024\" height=\"768\" srcset=\"https:\/\/stlumine-stemarie.fr\/wp-content\/uploads\/2021\/10\/IMG-20211019-WA0018-1024x768.jpg 1024w, https:\/\/stlumine-stemarie.fr\/wp-content\/uploads\/2021\/10\/IMG-20211019-WA0018-300x225.jpg 300w, https:\/\/stlumine-stemarie.fr\/wp-content\/uploads\/2021\/10\/IMG-20211019-WA0018-768x576.jpg 768w, https:\/\/stlumine-stemarie.fr\/wp-content\/uploads\/2021\/10\/IMG-20211019-WA0018-1536x1152.jpg 1536w, https:\/\/stlumine-stemarie.fr\/wp-content\/uploads\/2021\/10\/IMG-20211019-WA0018.jpg 2000w\" sizes=\"auto, (max-width: 1024px) 100vw, 1024px\" \/> <img loading=\"lazy\" decoding=\"async\" class=\"alignnone size-large wp-image-4835\" src=\"https:\/\/stlumine-stemarie.fr\/wp-content\/uploads\/2021\/10\/IMG-20211019-WA0020-1024x768.jpg\" alt=\"\" width=\"1024\" height=\"768\" srcset=\"https:\/\/stlumine-stemarie.fr\/wp-content\/uploads\/2021\/10\/IMG-20211019-WA0020-1024x768.jpg 1024w, https:\/\/stlumine-stemarie.fr\/wp-content\/uploads\/2021\/10\/IMG-20211019-WA0020-300x225.jpg 300w, https:\/\/stlumine-stemarie.fr\/wp-content\/uploads\/2021\/10\/IMG-20211019-WA0020-768x576.jpg 768w, https:\/\/stlumine-stemarie.fr\/wp-content\/uploads\/2021\/10\/IMG-20211019-WA0020-1536x1152.jpg 1536w, https:\/\/stlumine-stemarie.fr\/wp-content\/uploads\/2021\/10\/IMG-20211019-WA0020.jpg 2000w\" sizes=\"auto, (max-width: 1024px) 100vw, 1024px\" \/> <img loading=\"lazy\" decoding=\"async\" class=\"alignnone size-large wp-image-4836\" src=\"https:\/\/stlumine-stemarie.fr\/wp-content\/uploads\/2021\/10\/IMG-20211019-WA0023-1024x768.jpg\" alt=\"\" width=\"1024\" height=\"768\" srcset=\"https:\/\/stlumine-stemarie.fr\/wp-content\/uploads\/2021\/10\/IMG-20211019-WA0023-1024x768.jpg 1024w, https:\/\/stlumine-stemarie.fr\/wp-content\/uploads\/2021\/10\/IMG-20211019-WA0023-300x225.jpg 300w, https:\/\/stlumine-stemarie.fr\/wp-content\/uploads\/2021\/10\/IMG-20211019-WA0023-768x576.jpg 768w, https:\/\/stlumine-stemarie.fr\/wp-content\/uploads\/2021\/10\/IMG-20211019-WA0023-1536x1152.jpg 1536w, https:\/\/stlumine-stemarie.fr\/wp-content\/uploads\/2021\/10\/IMG-20211019-WA0023.jpg 2000w\" sizes=\"auto, (max-width: 1024px) 100vw, 1024px\" \/><\/p>\n<p>&nbsp;<\/p>\n<p>&nbsp;<\/p>\n<p>&nbsp;<\/p>\n","protected":false},"excerpt":{"rendered":"<p>Le Conseil Municipal des Enfants continue \u00e0 St Lumine de Coutais.&nbsp; Vendredi 8 Octobre 2021, Mr Bernard COUDRIAU (maire) et&nbsp; Mr Yves MUSSET&nbsp; (premier adjoint) sont venus pr\u00e9senter le Conseil Municipal des Enfants aux CM1 et CM2. Ils ont expliqu\u00e9 le but, les objectifs et le fonctionnement de ce Conseil Municipal des Enfants. De nombreux<\/p>\n<p><a href=\"https:\/\/stlumine-stemarie.fr\/?p=4832\" class=\"more-link themebutton\">Read More<\/a><\/p>\n","protected":false},"author":11,"featured_media":4835,"comment_status":"closed","ping_status":"closed","sticky":false,"template":"","format":"standard","meta":{"ngg_post_thumbnail":0,"footnotes":""},"categories":[17],"tags":[],"class_list":["post-4832","post","type-post","status-publish","format-standard","has-post-thumbnail","hentry","category-apel"],"_links":{"self":[{"href":"https:\/\/stlumine-stemarie.fr\/index.php?rest_route=\/wp\/v2\/posts\/4832","targetHints":{"allow":["GET"]}}],"collection":[{"href":"https:\/\/stlumine-stemarie.fr\/index.php?rest_route=\/wp\/v2\/posts"}],"about":[{"href":"https:\/\/stlumine-stemarie.fr\/index.php?rest_route=\/wp\/v2\/types\/post"}],"author":[{"embeddable":true,"href":"https:\/\/stlumine-stemarie.fr\/index.php?rest_route=\/wp\/v2\/users\/11"}],"replies":[{"embeddable":true,"href":"https:\/\/stlumine-stemarie.fr\/index.php?rest_route=%2Fwp%2Fv2%2Fcomments&post=4832"}],"version-history":[{"count":1,"href":"https:\/\/stlumine-stemarie.fr\/index.php?rest_route=\/wp\/v2\/posts\/4832\/revisions"}],"predecessor-version":[{"id":4837,"href":"https:\/\/stlumine-stemarie.fr\/index.php?rest_route=\/wp\/v2\/posts\/4832\/revisions\/4837"}],"wp:featuredmedia":[{"embeddable":true,"href":"https:\/\/stlumine-stemarie.fr\/index.php?rest_route=\/wp\/v2\/media\/4835"}],"wp:attachment":[{"href":"https:\/\/stlumine-stemarie.fr\/index.php?rest_route=%2Fwp%2Fv2%2Fmedia&parent=4832"}],"wp:term":[{"taxonomy":"category","embeddable":true,"href":"https:\/\/stlumine-stemarie.fr\/index.php?rest_route=%2Fwp%2Fv2%2Fcategories&post=4832"},{"taxonomy":"post_tag","embeddable":true,"href":"https:\/\/stlumine-stemarie.fr\/index.php?rest_route=%2Fwp%2Fv2%2Ftags&post=4832"}],"curies":[{"name":"wp","href":"https:\/\/api.w.org\/{rel}","templated":true}]}}