{"id":4799,"date":"2021-10-14T21:15:57","date_gmt":"2021-10-14T19:15:57","guid":{"rendered":"https:\/\/stlumine-stemarie.fr\/?p=4799"},"modified":"2021-10-14T21:21:46","modified_gmt":"2021-10-14T19:21:46","slug":"journee-pedagogique","status":"publish","type":"post","link":"https:\/\/stlumine-stemarie.fr\/?p=4799","title":{"rendered":"Journ\u00e9e P\u00e9dagogique"},"content":{"rendered":"<p>Chers parents,&nbsp;<\/p>\n<p>Afin de vous permettre de vous organiser, je vous informe d&rsquo;ores et d\u00e9j\u00e0 , que notre journ\u00e9e p\u00e9dagogique, pr\u00e9vue pour les \u00e9coles primaires du secteur, se d\u00e9roulera le Vendredi 19 Novembre 2021.<\/p>\n<p>Ce jour-l\u00e0, les \u00e9l\u00e8ves n&rsquo;auront pas classe.<\/p>\n<p>Merci de votre compr\u00e9hension.<\/p>\n<p>Bien cordialement.<\/p>\n<p>Chantal DOFONNOU<\/p>\n<p>&nbsp;<\/p>\n<p><img loading=\"lazy\" decoding=\"async\" class=\"alignnone size-full wp-image-4800\" src=\"https:\/\/stlumine-stemarie.fr\/wp-content\/uploads\/2021\/10\/Journee-pedagogique.jpg\" alt=\"\" width=\"288\" height=\"175\"><\/p>\n","protected":false},"excerpt":{"rendered":"<p>Chers parents,&nbsp; Afin de vous permettre de vous organiser, je vous informe d&rsquo;ores et d\u00e9j\u00e0 , que notre journ\u00e9e p\u00e9dagogique, pr\u00e9vue pour les \u00e9coles primaires du secteur, se d\u00e9roulera le Vendredi 19 Novembre 2021. Ce jour-l\u00e0, les \u00e9l\u00e8ves n&rsquo;auront pas classe. Merci de votre compr\u00e9hension. Bien cordialement. Chantal DOFONNOU &nbsp;<\/p>\n","protected":false},"author":11,"featured_media":4800,"comment_status":"closed","ping_status":"closed","sticky":false,"template":"","format":"standard","meta":{"ngg_post_thumbnail":0,"footnotes":""},"categories":[17],"tags":[],"class_list":["post-4799","post","type-post","status-publish","format-standard","has-post-thumbnail","hentry","category-apel"],"_links":{"self":[{"href":"https:\/\/stlumine-stemarie.fr\/index.php?rest_route=\/wp\/v2\/posts\/4799","targetHints":{"allow":["GET"]}}],"collection":[{"href":"https:\/\/stlumine-stemarie.fr\/index.php?rest_route=\/wp\/v2\/posts"}],"about":[{"href":"https:\/\/stlumine-stemarie.fr\/index.php?rest_route=\/wp\/v2\/types\/post"}],"author":[{"embeddable":true,"href":"https:\/\/stlumine-stemarie.fr\/index.php?rest_route=\/wp\/v2\/users\/11"}],"replies":[{"embeddable":true,"href":"https:\/\/stlumine-stemarie.fr\/index.php?rest_route=%2Fwp%2Fv2%2Fcomments&post=4799"}],"version-history":[{"count":1,"href":"https:\/\/stlumine-stemarie.fr\/index.php?rest_route=\/wp\/v2\/posts\/4799\/revisions"}],"predecessor-version":[{"id":4801,"href":"https:\/\/stlumine-stemarie.fr\/index.php?rest_route=\/wp\/v2\/posts\/4799\/revisions\/4801"}],"wp:featuredmedia":[{"embeddable":true,"href":"https:\/\/stlumine-stemarie.fr\/index.php?rest_route=\/wp\/v2\/media\/4800"}],"wp:attachment":[{"href":"https:\/\/stlumine-stemarie.fr\/index.php?rest_route=%2Fwp%2Fv2%2Fmedia&parent=4799"}],"wp:term":[{"taxonomy":"category","embeddable":true,"href":"https:\/\/stlumine-stemarie.fr\/index.php?rest_route=%2Fwp%2Fv2%2Fcategories&post=4799"},{"taxonomy":"post_tag","embeddable":true,"href":"https:\/\/stlumine-stemarie.fr\/index.php?rest_route=%2Fwp%2Fv2%2Ftags&post=4799"}],"curies":[{"name":"wp","href":"https:\/\/api.w.org\/{rel}","templated":true}]}}