{"id":4723,"date":"2021-07-07T14:01:52","date_gmt":"2021-07-07T12:01:52","guid":{"rendered":"https:\/\/stlumine-stemarie.fr\/?p=4723"},"modified":"2021-07-07T14:01:52","modified_gmt":"2021-07-07T12:01:52","slug":"les-danses-de-la-kermesse","status":"publish","type":"post","link":"https:\/\/stlumine-stemarie.fr\/?p=4723","title":{"rendered":"Les danses de la kermesse"},"content":{"rendered":"<p>Mardi 29 juin, tous les \u00e9l\u00e8ves de l&rsquo;\u00e9cole se sont retrouv\u00e9s \u00e0 la salle des sports afin de pr\u00e9senter leur danse de Kermesse sur les th\u00e8mes de la Pr\u00e9histoire, l&rsquo;Antiquit\u00e9 et le Moyen-\u00c2ge.<\/p>\n<p>Voici le film de cette jolie matin\u00e9e :<\/p>\n<div style=\"width: 640px;\" class=\"wp-video\"><!--[if lt IE 9]><script>document.createElement('video');<\/script><![endif]-->\n<video class=\"wp-video-shortcode\" id=\"video-4723-1\" width=\"640\" height=\"360\" preload=\"metadata\" controls=\"controls\"><source type=\"video\/mp4\" src=\"https:\/\/stlumine-stemarie.fr\/wp-content\/uploads\/2021\/07\/film_kermess.mp4?_=1\" \/><a href=\"https:\/\/stlumine-stemarie.fr\/wp-content\/uploads\/2021\/07\/film_kermess.mp4\">https:\/\/stlumine-stemarie.fr\/wp-content\/uploads\/2021\/07\/film_kermess.mp4<\/a><\/video><\/div>\n<p>&nbsp;<\/p>\n","protected":false},"excerpt":{"rendered":"<p>Mardi 29 juin, tous les \u00e9l\u00e8ves de l&rsquo;\u00e9cole se sont retrouv\u00e9s \u00e0 la salle des sports afin de pr\u00e9senter leur danse de Kermesse sur les th\u00e8mes de la Pr\u00e9histoire, l&rsquo;Antiquit\u00e9 et le Moyen-\u00c2ge. Voici le film de cette jolie matin\u00e9e : &nbsp;<\/p>\n","protected":false},"author":8,"featured_media":4730,"comment_status":"closed","ping_status":"closed","sticky":false,"template":"","format":"standard","meta":{"ngg_post_thumbnail":0,"footnotes":""},"categories":[30,17],"tags":[],"class_list":["post-4723","post","type-post","status-publish","format-standard","has-post-thumbnail","hentry","category-annee-2017-2018","category-apel"],"_links":{"self":[{"href":"https:\/\/stlumine-stemarie.fr\/index.php?rest_route=\/wp\/v2\/posts\/4723","targetHints":{"allow":["GET"]}}],"collection":[{"href":"https:\/\/stlumine-stemarie.fr\/index.php?rest_route=\/wp\/v2\/posts"}],"about":[{"href":"https:\/\/stlumine-stemarie.fr\/index.php?rest_route=\/wp\/v2\/types\/post"}],"author":[{"embeddable":true,"href":"https:\/\/stlumine-stemarie.fr\/index.php?rest_route=\/wp\/v2\/users\/8"}],"replies":[{"embeddable":true,"href":"https:\/\/stlumine-stemarie.fr\/index.php?rest_route=%2Fwp%2Fv2%2Fcomments&post=4723"}],"version-history":[{"count":4,"href":"https:\/\/stlumine-stemarie.fr\/index.php?rest_route=\/wp\/v2\/posts\/4723\/revisions"}],"predecessor-version":[{"id":4731,"href":"https:\/\/stlumine-stemarie.fr\/index.php?rest_route=\/wp\/v2\/posts\/4723\/revisions\/4731"}],"wp:featuredmedia":[{"embeddable":true,"href":"https:\/\/stlumine-stemarie.fr\/index.php?rest_route=\/wp\/v2\/media\/4730"}],"wp:attachment":[{"href":"https:\/\/stlumine-stemarie.fr\/index.php?rest_route=%2Fwp%2Fv2%2Fmedia&parent=4723"}],"wp:term":[{"taxonomy":"category","embeddable":true,"href":"https:\/\/stlumine-stemarie.fr\/index.php?rest_route=%2Fwp%2Fv2%2Fcategories&post=4723"},{"taxonomy":"post_tag","embeddable":true,"href":"https:\/\/stlumine-stemarie.fr\/index.php?rest_route=%2Fwp%2Fv2%2Ftags&post=4723"}],"curies":[{"name":"wp","href":"https:\/\/api.w.org\/{rel}","templated":true}]}}