{"id":4566,"date":"2021-06-09T21:04:54","date_gmt":"2021-06-09T19:04:54","guid":{"rendered":"https:\/\/stlumine-stemarie.fr\/?p=4566"},"modified":"2021-06-09T22:41:08","modified_gmt":"2021-06-09T20:41:08","slug":"les-100-jours-decole-classe-de-manon","status":"publish","type":"post","link":"https:\/\/stlumine-stemarie.fr\/?p=4566","title":{"rendered":"Les 100 jours d&rsquo;\u00e9cole &#8211; Classe de Manon"},"content":{"rendered":"<p>Tous les matins, les \u00e9l\u00e8ves de CP comptent les jours d\u2019\u00e9cole .<\/p>\n<p>Attention, on ne compte ni le mercredi, ni le samedi et le dimanche, ni les jours de vacances. Seulement les jours d\u2019\u00e9cole !<\/p>\n<p>Chaque jour, nous mettons une paille dans un pot : quand nous avons 10 pailles, nous les regroupons avec un \u00e9lastique pour construire une dizaine et continuer \u00e0 compter\u2026 jusqu\u2019\u00e0 collecter 10 paquets de 10 pailles !<\/p>\n<p>Petit \u00e0 petit, les \u00e9l\u00e8ves de CP se font une id\u00e9e plus concr\u00e8te du nombre de jours, du temps qui passe&nbsp; et se construisent une repr\u00e9sentation concr\u00e8te du nombre 100.<\/p>\n<p><b><u>Et le jour tant attendu est enfin arriv\u00e9 :&nbsp;le 100\u00e8me jour&nbsp;d\u2019\u00e9cole!<\/u><\/b><\/p>\n<p>Vendredi 2 avril, les \u00e9l\u00e8ves ont donc organis\u00e9 la f\u00eate des 100 jours: organisation et pr\u00e9sentation de leurs collections de 100 objets, &nbsp;activit\u00e9s math\u00e9matiques et sportives autour du nombre 100.<\/p>\n<p>Voici un r\u00e9sum\u00e9 de cette belle journ\u00e9e d\u00e9guis\u00e9e:<\/p>\nngg_shortcode_0_placeholder\n","protected":false},"excerpt":{"rendered":"<p>Tous les matins, les \u00e9l\u00e8ves de CP comptent les jours d\u2019\u00e9cole . Attention, on ne compte ni le mercredi, ni le samedi et le dimanche, ni les jours de vacances. Seulement les jours d\u2019\u00e9cole ! Chaque jour, nous mettons une paille dans un pot : quand nous avons 10 pailles, nous les regroupons avec un<\/p>\n<p><a href=\"https:\/\/stlumine-stemarie.fr\/?p=4566\" class=\"more-link themebutton\">Read More<\/a><\/p>\n","protected":false},"author":11,"featured_media":4569,"comment_status":"closed","ping_status":"closed","sticky":false,"template":"","format":"standard","meta":{"ngg_post_thumbnail":0,"footnotes":""},"categories":[17],"tags":[],"class_list":["post-4566","post","type-post","status-publish","format-standard","has-post-thumbnail","hentry","category-apel"],"_links":{"self":[{"href":"https:\/\/stlumine-stemarie.fr\/index.php?rest_route=\/wp\/v2\/posts\/4566","targetHints":{"allow":["GET"]}}],"collection":[{"href":"https:\/\/stlumine-stemarie.fr\/index.php?rest_route=\/wp\/v2\/posts"}],"about":[{"href":"https:\/\/stlumine-stemarie.fr\/index.php?rest_route=\/wp\/v2\/types\/post"}],"author":[{"embeddable":true,"href":"https:\/\/stlumine-stemarie.fr\/index.php?rest_route=\/wp\/v2\/users\/11"}],"replies":[{"embeddable":true,"href":"https:\/\/stlumine-stemarie.fr\/index.php?rest_route=%2Fwp%2Fv2%2Fcomments&post=4566"}],"version-history":[{"count":1,"href":"https:\/\/stlumine-stemarie.fr\/index.php?rest_route=\/wp\/v2\/posts\/4566\/revisions"}],"predecessor-version":[{"id":4596,"href":"https:\/\/stlumine-stemarie.fr\/index.php?rest_route=\/wp\/v2\/posts\/4566\/revisions\/4596"}],"wp:featuredmedia":[{"embeddable":true,"href":"https:\/\/stlumine-stemarie.fr\/index.php?rest_route=\/wp\/v2\/media\/4569"}],"wp:attachment":[{"href":"https:\/\/stlumine-stemarie.fr\/index.php?rest_route=%2Fwp%2Fv2%2Fmedia&parent=4566"}],"wp:term":[{"taxonomy":"category","embeddable":true,"href":"https:\/\/stlumine-stemarie.fr\/index.php?rest_route=%2Fwp%2Fv2%2Fcategories&post=4566"},{"taxonomy":"post_tag","embeddable":true,"href":"https:\/\/stlumine-stemarie.fr\/index.php?rest_route=%2Fwp%2Fv2%2Ftags&post=4566"}],"curies":[{"name":"wp","href":"https:\/\/api.w.org\/{rel}","templated":true}]}}