{"id":4528,"date":"2021-06-02T21:47:03","date_gmt":"2021-06-02T19:47:03","guid":{"rendered":"https:\/\/stlumine-stemarie.fr\/?p=4528"},"modified":"2021-06-02T21:54:02","modified_gmt":"2021-06-02T19:54:02","slug":"4528","status":"publish","type":"post","link":"https:\/\/stlumine-stemarie.fr\/?p=4528","title":{"rendered":"Le\u00a0Festival\u00a0du\u00a0Livre"},"content":{"rendered":"<p align=\"center\"><b>L<\/b><b>e&nbsp;<\/b><b>F<\/b><b>e<\/b><b><i>s<\/i><\/b><b>t<\/b><b>iv<\/b><b>a<\/b><b>l&nbsp;<\/b><b>d<\/b><b>u&nbsp;<\/b><b>L<\/b><b>iv<\/b><b>re<\/b><strong> aura lieu \u00e0 partir du<\/strong> <b>01 juin 2021<\/b><b><\/b><\/p>\n<p>Chers parents,<\/p>\n<p>Cette ann\u00e9e, les enfants pourront profiter de l&rsquo;exposition d&rsquo;une s\u00e9lection de livres avec leur classe. Mais en raison de la crise sanitaire la vente physique ne pourra pas se d\u00e9rouler comme les autres ann\u00e9es.<\/p>\n<p>Vous pourrez donc d\u00e9couvrir la s\u00e9lection des livres uniquement sur le site et passer vos commandes comme indiqu\u00e9 ci-dessous.<\/p>\n<p><u>Nous avons deux solutions :<\/u><u><\/u><\/p>\n<p>*&nbsp;La commande en ligne&nbsp;:&nbsp;<b>RDV sur le site jusqu\u2019au 13 juin<\/b>&nbsp;sur&nbsp;<a href=\"http:\/\/www.lefestivaldulivre.com\/\" target=\"_blank\" rel=\"noopener\" data-saferedirecturl=\"https:\/\/www.google.com\/url?q=http:\/\/www.lefestivaldulivre.com&amp;source=gmail&amp;ust=1622749031953000&amp;usg=AFQjCNHpgG6xvTUCrrAlEbBxOBAUwjozng\">www.lefestivaldulivre.com<\/a> (cliquer sur \u00ab je commande \u00bb) Saisir le code postal de l\u2019\u00e9cole et s\u00e9lectionner ensuite le nom de l\u2019\u00e9cole.<\/p>\n<p>*La commande donn\u00e9e \u00e0 l\u2019\u00e9cole&nbsp;par le biais du bon \u00ab&nbsp;mes livres pr\u00e9f\u00e9r\u00e9s&nbsp;\u00bb accompagn\u00e9 du r\u00e8glement par ch\u00e8que \u00e0 l&rsquo;ordre du festival du livre.<\/p>\n<p>Les livres seront livr\u00e9s \u00e0 l\u2019\u00e9cole !!!&nbsp;<span style=\"color: #000000\">(nous vous indiquerons les modalit\u00e9s).<\/span><\/p>\n<p>*Une donation en livres sera offerte \u00e0 la biblioth\u00e8que de l&rsquo;\u00e9cole, correspondant \u00e0 20% de vos achats.<\/p>\n<p>Si besoin, vous pouvez contacter Patricia Patron au 06 15 85 17 42 et consulter le tutoriel (transmis par mail).<\/p>\n<p>Merci \u00e0 tous.<\/p>\n<p><img loading=\"lazy\" decoding=\"async\" class=\"alignnone size-full wp-image-4529 aligncenter\" src=\"https:\/\/stlumine-stemarie.fr\/wp-content\/uploads\/2021\/06\/Festival-du-livre.jpg\" alt=\"\" width=\"256\" height=\"197\"><\/p>\n","protected":false},"excerpt":{"rendered":"<p>Le&nbsp;Festival&nbsp;du&nbsp;Livre aura lieu \u00e0 partir du 01 juin 2021 Chers parents, Cette ann\u00e9e, les enfants pourront profiter de l&rsquo;exposition d&rsquo;une s\u00e9lection de livres avec leur classe. Mais en raison de la crise sanitaire la vente physique ne pourra pas se d\u00e9rouler comme les autres ann\u00e9es. Vous pourrez donc d\u00e9couvrir la s\u00e9lection des livres uniquement sur<\/p>\n<p><a href=\"https:\/\/stlumine-stemarie.fr\/?p=4528\" class=\"more-link themebutton\">Read More<\/a><\/p>\n","protected":false},"author":11,"featured_media":4529,"comment_status":"closed","ping_status":"closed","sticky":false,"template":"","format":"standard","meta":{"ngg_post_thumbnail":0,"footnotes":""},"categories":[17],"tags":[],"class_list":["post-4528","post","type-post","status-publish","format-standard","has-post-thumbnail","hentry","category-apel"],"_links":{"self":[{"href":"https:\/\/stlumine-stemarie.fr\/index.php?rest_route=\/wp\/v2\/posts\/4528","targetHints":{"allow":["GET"]}}],"collection":[{"href":"https:\/\/stlumine-stemarie.fr\/index.php?rest_route=\/wp\/v2\/posts"}],"about":[{"href":"https:\/\/stlumine-stemarie.fr\/index.php?rest_route=\/wp\/v2\/types\/post"}],"author":[{"embeddable":true,"href":"https:\/\/stlumine-stemarie.fr\/index.php?rest_route=\/wp\/v2\/users\/11"}],"replies":[{"embeddable":true,"href":"https:\/\/stlumine-stemarie.fr\/index.php?rest_route=%2Fwp%2Fv2%2Fcomments&post=4528"}],"version-history":[{"count":4,"href":"https:\/\/stlumine-stemarie.fr\/index.php?rest_route=\/wp\/v2\/posts\/4528\/revisions"}],"predecessor-version":[{"id":4533,"href":"https:\/\/stlumine-stemarie.fr\/index.php?rest_route=\/wp\/v2\/posts\/4528\/revisions\/4533"}],"wp:featuredmedia":[{"embeddable":true,"href":"https:\/\/stlumine-stemarie.fr\/index.php?rest_route=\/wp\/v2\/media\/4529"}],"wp:attachment":[{"href":"https:\/\/stlumine-stemarie.fr\/index.php?rest_route=%2Fwp%2Fv2%2Fmedia&parent=4528"}],"wp:term":[{"taxonomy":"category","embeddable":true,"href":"https:\/\/stlumine-stemarie.fr\/index.php?rest_route=%2Fwp%2Fv2%2Fcategories&post=4528"},{"taxonomy":"post_tag","embeddable":true,"href":"https:\/\/stlumine-stemarie.fr\/index.php?rest_route=%2Fwp%2Fv2%2Ftags&post=4528"}],"curies":[{"name":"wp","href":"https:\/\/api.w.org\/{rel}","templated":true}]}}