{"id":4512,"date":"2021-05-15T07:18:19","date_gmt":"2021-05-15T05:18:19","guid":{"rendered":"https:\/\/stlumine-stemarie.fr\/?p=4512"},"modified":"2021-05-15T07:18:19","modified_gmt":"2021-05-15T05:18:19","slug":"marche-de-printemps","status":"publish","type":"post","link":"https:\/\/stlumine-stemarie.fr\/?p=4512","title":{"rendered":"March\u00e9 de Printemps"},"content":{"rendered":"<div dir=\"ltr\">\n<div class=\"gmail_default\">\n<div class=\"gmail_default\">Chers Parents,<\/div>\n<div class=\"gmail_default\">&nbsp;<\/div>\n<div class=\"gmail_default\">Cette ann\u00e9e, le march\u00e9 de printemps aura<b>&nbsp;<\/b>lieu&nbsp;<b><span style=\"color: #0000ff\">le vendredi 21 mai 2021<\/span><\/b>, avec une formule diff\u00e9rente des ann\u00e9es pr\u00e9c\u00e9dentes.<\/div>\n<div class=\"gmail_default\">Contexte oblige, seule la vente de plants en provenance des Serres Barreau sera assur\u00e9e.<\/div>\n<div class=\"gmail_default\">&nbsp;<\/div>\n<div class=\"gmail_default\">Le bon de commande est \u00e0 retourner \u00e0 l&rsquo;\u00e9cole, accompagn\u00e9 du r\u00e8glement correspondant pour <b><span style=\"color: #0000ff\">le lundi 17 mai 2021<\/span><\/b>.<\/div>\n<div class=\"gmail_default\">&nbsp;<\/div>\n<div class=\"gmail_default\">Pour plus de praticit\u00e9, les commandes seront \u00e0 r\u00e9cup\u00e9rer sur&nbsp;<b><span style=\"color: #0000ff\">le site de l&rsquo;Ecole Ste Marie, le vendredi 21 mai de 18h00 \u00e0 20h00<\/span><\/b>.<\/div>\n<div class=\"gmail_default\">&nbsp;<\/div>\n<div class=\"gmail_default\">En vous remerciant et comptant sur votre participation.<\/div>\n<div>&nbsp;<\/div>\n<div>L&rsquo;APEL<\/div>\n<div><img loading=\"lazy\" decoding=\"async\" class=\"alignnone size-large wp-image-4513\" src=\"https:\/\/stlumine-stemarie.fr\/wp-content\/uploads\/2021\/05\/Marche-printemps-2021-1024x768.png\" alt=\"\" width=\"1024\" height=\"768\" srcset=\"https:\/\/stlumine-stemarie.fr\/wp-content\/uploads\/2021\/05\/Marche-printemps-2021-1024x768.png 1024w, https:\/\/stlumine-stemarie.fr\/wp-content\/uploads\/2021\/05\/Marche-printemps-2021-300x225.png 300w, https:\/\/stlumine-stemarie.fr\/wp-content\/uploads\/2021\/05\/Marche-printemps-2021-768x576.png 768w, https:\/\/stlumine-stemarie.fr\/wp-content\/uploads\/2021\/05\/Marche-printemps-2021.png 1333w\" sizes=\"auto, (max-width: 1024px) 100vw, 1024px\" \/><\/div>\n<div class=\"gmail_default\">&nbsp;<\/div>\n<\/div>\n<\/div>\n","protected":false},"excerpt":{"rendered":"<p>Chers Parents, &nbsp; Cette ann\u00e9e, le march\u00e9 de printemps aura&nbsp;lieu&nbsp;le vendredi 21 mai 2021, avec une formule diff\u00e9rente des ann\u00e9es pr\u00e9c\u00e9dentes. Contexte oblige, seule la vente de plants en provenance des Serres Barreau sera assur\u00e9e. &nbsp; Le bon de commande est \u00e0 retourner \u00e0 l&rsquo;\u00e9cole, accompagn\u00e9 du r\u00e8glement correspondant pour le lundi 17 mai 2021.<\/p>\n<p><a href=\"https:\/\/stlumine-stemarie.fr\/?p=4512\" class=\"more-link themebutton\">Read More<\/a><\/p>\n","protected":false},"author":11,"featured_media":4513,"comment_status":"closed","ping_status":"closed","sticky":false,"template":"","format":"standard","meta":{"ngg_post_thumbnail":0,"footnotes":""},"categories":[17],"tags":[],"class_list":["post-4512","post","type-post","status-publish","format-standard","has-post-thumbnail","hentry","category-apel"],"_links":{"self":[{"href":"https:\/\/stlumine-stemarie.fr\/index.php?rest_route=\/wp\/v2\/posts\/4512","targetHints":{"allow":["GET"]}}],"collection":[{"href":"https:\/\/stlumine-stemarie.fr\/index.php?rest_route=\/wp\/v2\/posts"}],"about":[{"href":"https:\/\/stlumine-stemarie.fr\/index.php?rest_route=\/wp\/v2\/types\/post"}],"author":[{"embeddable":true,"href":"https:\/\/stlumine-stemarie.fr\/index.php?rest_route=\/wp\/v2\/users\/11"}],"replies":[{"embeddable":true,"href":"https:\/\/stlumine-stemarie.fr\/index.php?rest_route=%2Fwp%2Fv2%2Fcomments&post=4512"}],"version-history":[{"count":1,"href":"https:\/\/stlumine-stemarie.fr\/index.php?rest_route=\/wp\/v2\/posts\/4512\/revisions"}],"predecessor-version":[{"id":4514,"href":"https:\/\/stlumine-stemarie.fr\/index.php?rest_route=\/wp\/v2\/posts\/4512\/revisions\/4514"}],"wp:featuredmedia":[{"embeddable":true,"href":"https:\/\/stlumine-stemarie.fr\/index.php?rest_route=\/wp\/v2\/media\/4513"}],"wp:attachment":[{"href":"https:\/\/stlumine-stemarie.fr\/index.php?rest_route=%2Fwp%2Fv2%2Fmedia&parent=4512"}],"wp:term":[{"taxonomy":"category","embeddable":true,"href":"https:\/\/stlumine-stemarie.fr\/index.php?rest_route=%2Fwp%2Fv2%2Fcategories&post=4512"},{"taxonomy":"post_tag","embeddable":true,"href":"https:\/\/stlumine-stemarie.fr\/index.php?rest_route=%2Fwp%2Fv2%2Ftags&post=4512"}],"curies":[{"name":"wp","href":"https:\/\/api.w.org\/{rel}","templated":true}]}}