{"id":4116,"date":"2020-11-24T09:00:06","date_gmt":"2020-11-24T08:00:06","guid":{"rendered":"https:\/\/stlumine-stemarie.fr\/?p=4116"},"modified":"2020-11-23T22:21:13","modified_gmt":"2020-11-23T21:21:13","slug":"lautomne-est-au-rendez-vous","status":"publish","type":"post","link":"https:\/\/stlumine-stemarie.fr\/?p=4116","title":{"rendered":"L&rsquo;automne est au rendez-vous"},"content":{"rendered":"<p>Voil\u00e0 une saison propice \u00e0 l&rsquo;observation des couleurs&nbsp;et de la douceur.<\/p>\n<p>Les enfants ont cr\u00e9\u00e9 un mus\u00e9e de l\u2019automne. R\u00e9guli\u00e8rement, les enfants apportent des tr\u00e9sors d\u2019automne que nous d\u00e9couvrons et d\u00e9crivons. Nous r\u00e9activons et enrichissons notre lexique&nbsp;: une bogue, des ch\u00e2taignes, des marrons, des graines d\u2019\u00e9rable, des c\u00e8pes, des courges, une citrouille, une butternut, un potimarron\u2026<\/p>\n<p><a href=\"https:\/\/stlumine-stemarie.fr\/?attachment_id=4124#main\" rel=\"attachment wp-att-4124\"><img loading=\"lazy\" decoding=\"async\" class=\"alignnone  wp-image-4124\" src=\"https:\/\/stlumine-stemarie.fr\/wp-content\/uploads\/2020\/11\/Automne1.png\" alt=\"\" width=\"263\" height=\"342\" srcset=\"https:\/\/stlumine-stemarie.fr\/wp-content\/uploads\/2020\/11\/Automne1.png 350w, https:\/\/stlumine-stemarie.fr\/wp-content\/uploads\/2020\/11\/Automne1-231x300.png 231w\" sizes=\"auto, (max-width: 263px) 100vw, 263px\" \/><\/a><a href=\"https:\/\/stlumine-stemarie.fr\/?attachment_id=4126#main\" rel=\"attachment wp-att-4126\"><img loading=\"lazy\" decoding=\"async\" class=\"alignnone  wp-image-4126\" src=\"https:\/\/stlumine-stemarie.fr\/wp-content\/uploads\/2020\/11\/automne2.png\" alt=\"\" width=\"522\" height=\"357\" srcset=\"https:\/\/stlumine-stemarie.fr\/wp-content\/uploads\/2020\/11\/automne2.png 676w, https:\/\/stlumine-stemarie.fr\/wp-content\/uploads\/2020\/11\/automne2-300x205.png 300w\" sizes=\"auto, (max-width: 522px) 100vw, 522px\" \/><\/a><a href=\"https:\/\/stlumine-stemarie.fr\/?attachment_id=4128#main\" rel=\"attachment wp-att-4128\"><img loading=\"lazy\" decoding=\"async\" class=\"alignnone  wp-image-4128\" src=\"https:\/\/stlumine-stemarie.fr\/wp-content\/uploads\/2020\/11\/automne3.png\" alt=\"\" width=\"256\" height=\"327\" srcset=\"https:\/\/stlumine-stemarie.fr\/wp-content\/uploads\/2020\/11\/automne3.png 362w, https:\/\/stlumine-stemarie.fr\/wp-content\/uploads\/2020\/11\/automne3-235x300.png 235w\" sizes=\"auto, (max-width: 256px) 100vw, 256px\" \/><\/a><\/p>\n<p>Nous chantons l&rsquo;automne !<\/p>\n<!--[if lt IE 9]><script>document.createElement('audio');<\/script><![endif]-->\n\t<div class=\"wp-playlist wp-audio-playlist wp-playlist-light\">\n\t\t\t<div class=\"wp-playlist-current-item\"><\/div>\n\t\t<audio controls=\"controls\" preload=\"none\" width=\"1148\"\n\t\t\t><\/audio>\n\t<div class=\"wp-playlist-next\"><\/div>\n\t<div class=\"wp-playlist-prev\"><\/div>\n\t<noscript>\n\t<ol>\n\t\t<li><a href='https:\/\/stlumine-stemarie.fr\/wp-content\/uploads\/2020\/11\/Bureau-6.m4a'>L'automne est au rendez-vous<\/a><\/li>\t<\/ol>\n\t<\/noscript>\n\t<script type=\"application\/json\" class=\"wp-playlist-script\">{\"type\":\"audio\",\"tracklist\":false,\"tracknumbers\":true,\"images\":false,\"artists\":false,\"tracks\":[{\"src\":\"https:\\\/\\\/stlumine-stemarie.fr\\\/wp-content\\\/uploads\\\/2020\\\/11\\\/Bureau-6.m4a\",\"type\":\"audio\\\/mpeg\",\"title\":\"L'automne est au rendez-vous\",\"caption\":\"\",\"description\":\"<i>Bureau 6<\\\/i>.\",\"meta\":{\"length_formatted\":\"1:56\"},\"image\":{\"src\":\"https:\\\/\\\/stlumine-stemarie.fr\\\/wp-includes\\\/images\\\/media\\\/audio.svg\",\"width\":48,\"height\":64},\"thumb\":{\"src\":\"https:\\\/\\\/stlumine-stemarie.fr\\\/wp-includes\\\/images\\\/media\\\/audio.svg\",\"width\":48,\"height\":64}}]}<\/script>\n<\/div>\n\t\n<p>En art, nous nous sommes amus\u00e9s \u00e0 reproduire des arbres d\u2019automne ( Natasha Westcoast) et \u00e0 transformer de belles feuilles d\u2019automne.&nbsp;<\/p>\n<p><a href=\"https:\/\/stlumine-stemarie.fr\/?attachment_id=4130#main\" rel=\"attachment wp-att-4130\"><img loading=\"lazy\" decoding=\"async\" class=\"alignnone  wp-image-4130\" src=\"https:\/\/stlumine-stemarie.fr\/wp-content\/uploads\/2020\/11\/automne4.png\" alt=\"\" width=\"265\" height=\"328\" srcset=\"https:\/\/stlumine-stemarie.fr\/wp-content\/uploads\/2020\/11\/automne4.png 359w, https:\/\/stlumine-stemarie.fr\/wp-content\/uploads\/2020\/11\/automne4-243x300.png 243w\" sizes=\"auto, (max-width: 265px) 100vw, 265px\" \/><\/a><a href=\"https:\/\/stlumine-stemarie.fr\/?attachment_id=4131#main\" rel=\"attachment wp-att-4131\"><img loading=\"lazy\" decoding=\"async\" class=\"alignnone  wp-image-4131\" src=\"https:\/\/stlumine-stemarie.fr\/wp-content\/uploads\/2020\/11\/automne5.png\" alt=\"\" width=\"485\" height=\"337\" srcset=\"https:\/\/stlumine-stemarie.fr\/wp-content\/uploads\/2020\/11\/automne5.png 639w, https:\/\/stlumine-stemarie.fr\/wp-content\/uploads\/2020\/11\/automne5-300x208.png 300w\" sizes=\"auto, (max-width: 485px) 100vw, 485px\" \/><\/a><\/p>\n<p>Nous continuons \u00e0 nous occuper des phasmes. Nous avons eu 2 naissances. Nous avons observ\u00e9 ces petits phasmes et nous savons que les phasmes adultes pondent des \u0153ufs. Nous savons \u00e9galement que le b\u00e9b\u00e9 phasme ressemble \u00e0 ses parents. Les b\u00e9b\u00e9s phasmes ont int\u00e9gr\u00e9 notre \u00e9levage. Ils se nourrissent, se d\u00e9placent et grandissent seuls<\/p>\n<p><a href=\"https:\/\/stlumine-stemarie.fr\/?attachment_id=4154#main\" rel=\"attachment wp-att-4154\"><img loading=\"lazy\" decoding=\"async\" class=\"alignnone size-full wp-image-4154\" src=\"https:\/\/stlumine-stemarie.fr\/wp-content\/uploads\/2020\/11\/phasmes.png\" alt=\"\" width=\"337\" height=\"401\" srcset=\"https:\/\/stlumine-stemarie.fr\/wp-content\/uploads\/2020\/11\/phasmes.png 337w, https:\/\/stlumine-stemarie.fr\/wp-content\/uploads\/2020\/11\/phasmes-252x300.png 252w\" sizes=\"auto, (max-width: 337px) 100vw, 337px\" \/><\/a><\/p>\n","protected":false},"excerpt":{"rendered":"<p>Voil\u00e0 une saison propice \u00e0 l&rsquo;observation des couleurs&nbsp;et de la douceur. Les enfants ont cr\u00e9\u00e9 un mus\u00e9e de l\u2019automne. R\u00e9guli\u00e8rement, les enfants apportent des tr\u00e9sors d\u2019automne que nous d\u00e9couvrons et d\u00e9crivons. Nous r\u00e9activons et enrichissons notre lexique&nbsp;: une bogue, des ch\u00e2taignes, des marrons, des graines d\u2019\u00e9rable, des c\u00e8pes, des courges, une citrouille, une butternut, un<\/p>\n<p><a href=\"https:\/\/stlumine-stemarie.fr\/?p=4116\" class=\"more-link themebutton\">Read More<\/a><\/p>\n","protected":false},"author":11,"featured_media":0,"comment_status":"closed","ping_status":"closed","sticky":false,"template":"","format":"standard","meta":{"ngg_post_thumbnail":0,"footnotes":""},"categories":[17],"tags":[],"class_list":["post-4116","post","type-post","status-publish","format-standard","hentry","category-apel"],"_links":{"self":[{"href":"https:\/\/stlumine-stemarie.fr\/index.php?rest_route=\/wp\/v2\/posts\/4116","targetHints":{"allow":["GET"]}}],"collection":[{"href":"https:\/\/stlumine-stemarie.fr\/index.php?rest_route=\/wp\/v2\/posts"}],"about":[{"href":"https:\/\/stlumine-stemarie.fr\/index.php?rest_route=\/wp\/v2\/types\/post"}],"author":[{"embeddable":true,"href":"https:\/\/stlumine-stemarie.fr\/index.php?rest_route=\/wp\/v2\/users\/11"}],"replies":[{"embeddable":true,"href":"https:\/\/stlumine-stemarie.fr\/index.php?rest_route=%2Fwp%2Fv2%2Fcomments&post=4116"}],"version-history":[{"count":17,"href":"https:\/\/stlumine-stemarie.fr\/index.php?rest_route=\/wp\/v2\/posts\/4116\/revisions"}],"predecessor-version":[{"id":4157,"href":"https:\/\/stlumine-stemarie.fr\/index.php?rest_route=\/wp\/v2\/posts\/4116\/revisions\/4157"}],"wp:attachment":[{"href":"https:\/\/stlumine-stemarie.fr\/index.php?rest_route=%2Fwp%2Fv2%2Fmedia&parent=4116"}],"wp:term":[{"taxonomy":"category","embeddable":true,"href":"https:\/\/stlumine-stemarie.fr\/index.php?rest_route=%2Fwp%2Fv2%2Fcategories&post=4116"},{"taxonomy":"post_tag","embeddable":true,"href":"https:\/\/stlumine-stemarie.fr\/index.php?rest_route=%2Fwp%2Fv2%2Ftags&post=4116"}],"curies":[{"name":"wp","href":"https:\/\/api.w.org\/{rel}","templated":true}]}}