{"id":3993,"date":"2020-10-04T21:30:56","date_gmt":"2020-10-04T19:30:56","guid":{"rendered":"https:\/\/stlumine-stemarie.fr\/?p=3993"},"modified":"2020-10-04T22:41:38","modified_gmt":"2020-10-04T20:41:38","slug":"assemblee-generale-le-06-10-2020-a-20h-sur-le-site-ste-marie-ordre-du-jour","status":"publish","type":"post","link":"https:\/\/stlumine-stemarie.fr\/?p=3993","title":{"rendered":"Assembl\u00e9e  G\u00e9n\u00e9rale, Le 06.10.2020 \u00e0 20h  &#8211; sur le site Ste Marie  &#8211; Ordre du Jour"},"content":{"rendered":"<p>&nbsp;<\/p>\n<p style=\"text-align: center\"><a href=\"https:\/\/stlumine-stemarie.fr\/?attachment_id=3994#main\" rel=\"attachment wp-att-3994\"><img loading=\"lazy\" decoding=\"async\" class=\"alignnone size-full wp-image-3994\" src=\"https:\/\/stlumine-stemarie.fr\/wp-content\/uploads\/2020\/10\/image-assemblee-generale.jpg\" alt=\"\" width=\"300\" height=\"168\"><\/a><\/p>\n<p>Chers parents,&nbsp;<\/p>\n<p>Nous vous attendons nombreux pour notre assembl\u00e9e g\u00e9n\u00e9rale qui se tiendra le <strong>Mardi 6 Octobre 2020<\/strong> \u00e0 <strong>20h sur le site Ste Marie<\/strong>.<\/p>\n<p>A l&rsquo;ordre du jour :&nbsp;<\/p>\n<ul>\n<li>La pr\u00e9sentation et l&rsquo;organisation de l&rsquo;\u00e9cole,<\/li>\n<li>Le bilan de l&rsquo;ann\u00e9e scolaire 2019\/2020 et le pr\u00e9visionnel 2020\/2021.<\/li>\n<li>Les diff\u00e9rents projets (p\u00e9dagogiques, manifestations,&#8230;).<\/li>\n<\/ul>\n<p>Nous comptons sur votre pr\u00e9sence.<\/p>\n<p>L&rsquo;APEL &#8211; OGEC<\/p>\n<p>&nbsp;<\/p>\n<p>&nbsp;<\/p>\n","protected":false},"excerpt":{"rendered":"<p>&nbsp; Chers parents,&nbsp; Nous vous attendons nombreux pour notre assembl\u00e9e g\u00e9n\u00e9rale qui se tiendra le Mardi 6 Octobre 2020 \u00e0 20h sur le site Ste Marie. A l&rsquo;ordre du jour :&nbsp; La pr\u00e9sentation et l&rsquo;organisation de l&rsquo;\u00e9cole, Le bilan de l&rsquo;ann\u00e9e scolaire 2019\/2020 et le pr\u00e9visionnel 2020\/2021. Les diff\u00e9rents projets (p\u00e9dagogiques, manifestations,&#8230;). Nous comptons sur<\/p>\n<p><a href=\"https:\/\/stlumine-stemarie.fr\/?p=3993\" class=\"more-link themebutton\">Read More<\/a><\/p>\n","protected":false},"author":11,"featured_media":3994,"comment_status":"closed","ping_status":"closed","sticky":false,"template":"","format":"standard","meta":{"ngg_post_thumbnail":0,"footnotes":""},"categories":[17],"tags":[],"class_list":["post-3993","post","type-post","status-publish","format-standard","has-post-thumbnail","hentry","category-apel"],"_links":{"self":[{"href":"https:\/\/stlumine-stemarie.fr\/index.php?rest_route=\/wp\/v2\/posts\/3993","targetHints":{"allow":["GET"]}}],"collection":[{"href":"https:\/\/stlumine-stemarie.fr\/index.php?rest_route=\/wp\/v2\/posts"}],"about":[{"href":"https:\/\/stlumine-stemarie.fr\/index.php?rest_route=\/wp\/v2\/types\/post"}],"author":[{"embeddable":true,"href":"https:\/\/stlumine-stemarie.fr\/index.php?rest_route=\/wp\/v2\/users\/11"}],"replies":[{"embeddable":true,"href":"https:\/\/stlumine-stemarie.fr\/index.php?rest_route=%2Fwp%2Fv2%2Fcomments&post=3993"}],"version-history":[{"count":3,"href":"https:\/\/stlumine-stemarie.fr\/index.php?rest_route=\/wp\/v2\/posts\/3993\/revisions"}],"predecessor-version":[{"id":4005,"href":"https:\/\/stlumine-stemarie.fr\/index.php?rest_route=\/wp\/v2\/posts\/3993\/revisions\/4005"}],"wp:featuredmedia":[{"embeddable":true,"href":"https:\/\/stlumine-stemarie.fr\/index.php?rest_route=\/wp\/v2\/media\/3994"}],"wp:attachment":[{"href":"https:\/\/stlumine-stemarie.fr\/index.php?rest_route=%2Fwp%2Fv2%2Fmedia&parent=3993"}],"wp:term":[{"taxonomy":"category","embeddable":true,"href":"https:\/\/stlumine-stemarie.fr\/index.php?rest_route=%2Fwp%2Fv2%2Fcategories&post=3993"},{"taxonomy":"post_tag","embeddable":true,"href":"https:\/\/stlumine-stemarie.fr\/index.php?rest_route=%2Fwp%2Fv2%2Ftags&post=3993"}],"curies":[{"name":"wp","href":"https:\/\/api.w.org\/{rel}","templated":true}]}}