{"id":3975,"date":"2020-09-03T19:25:53","date_gmt":"2020-09-03T17:25:53","guid":{"rendered":"https:\/\/stlumine-stemarie.fr\/?p=3975"},"modified":"2020-09-06T19:22:39","modified_gmt":"2020-09-06T17:22:39","slug":"une-semaine-de-rentree-en-ce1-ce2-2020","status":"publish","type":"post","link":"https:\/\/stlumine-stemarie.fr\/?p=3975","title":{"rendered":"une semaine de rentr\u00e9e en Ce1-Ce2 (2020)"},"content":{"rendered":"<p>&nbsp;<\/p>\n<p>Bonjour les parents, cette semaine c\u2019est Madame DEUX qui vous parle mais tr\u00e8s bient\u00f4t ce seront les \u00e9l\u00e8ves de la classe de CE1-CE2 qui vous raconteront nos semaines.<\/p>\n<p><a href=\"https:\/\/stlumine-stemarie.fr\/wp-content\/uploads\/2020\/09\/P_20200901_072837.jpg\"><img loading=\"lazy\" decoding=\"async\" class=\"wp-image-3978 aligncenter\" src=\"https:\/\/stlumine-stemarie.fr\/wp-content\/uploads\/2020\/09\/P_20200901_072837-300x169.jpg\" alt=\"\" width=\"611\" height=\"344\" srcset=\"https:\/\/stlumine-stemarie.fr\/wp-content\/uploads\/2020\/09\/P_20200901_072837-300x169.jpg 300w, https:\/\/stlumine-stemarie.fr\/wp-content\/uploads\/2020\/09\/P_20200901_072837-1024x576.jpg 1024w, https:\/\/stlumine-stemarie.fr\/wp-content\/uploads\/2020\/09\/P_20200901_072837-768x432.jpg 768w, https:\/\/stlumine-stemarie.fr\/wp-content\/uploads\/2020\/09\/P_20200901_072837-1536x864.jpg 1536w, https:\/\/stlumine-stemarie.fr\/wp-content\/uploads\/2020\/09\/P_20200901_072837.jpg 1920w\" sizes=\"auto, (max-width: 611px) 100vw, 611px\" \/><\/a><\/p>\n<table style=\"width: 13.5%\">\n<tbody>\n<tr>\n<td style=\"width: 86.82%\" width=\"108\">&nbsp;<\/td>\n<\/tr>\n<tr>\n<td style=\"width: 86.82%\">&nbsp;<\/td>\n<td style=\"width: 6.97%\">&nbsp;<\/td>\n<\/tr>\n<\/tbody>\n<\/table>\n<p>&nbsp;<\/p>\n<p>Tout s\u2019est bien pass\u00e9, nous nous installons dans la classe petit \u00e0 petit. Il y a beaucoup de changements, l\u2019\u00e9cole, la classe, la ma\u00eetresse, l\u2019organisation\u2026<\/p>\n<p>&nbsp;<\/p>\n<p>Il nous faut du temps pour nous habituer, nous le prenons et nous irons doucement au d\u00e9but, mais on va y arriver&nbsp;!<\/p>\n<p>A la fin de la journ\u00e9e, tout le monde est bien fatigu\u00e9 et notre t\u00eate est bien remplie<\/p>\n<p>!<a href=\"https:\/\/stlumine-stemarie.fr\/wp-content\/uploads\/2020\/09\/P_20200903_144336.jpg\"><img loading=\"lazy\" decoding=\"async\" class=\"alignnone wp-image-3976\" src=\"https:\/\/stlumine-stemarie.fr\/wp-content\/uploads\/2020\/09\/P_20200903_144336-300x169.jpg\" alt=\"\" width=\"470\" height=\"265\" srcset=\"https:\/\/stlumine-stemarie.fr\/wp-content\/uploads\/2020\/09\/P_20200903_144336-300x169.jpg 300w, https:\/\/stlumine-stemarie.fr\/wp-content\/uploads\/2020\/09\/P_20200903_144336-1024x576.jpg 1024w, https:\/\/stlumine-stemarie.fr\/wp-content\/uploads\/2020\/09\/P_20200903_144336-768x432.jpg 768w, https:\/\/stlumine-stemarie.fr\/wp-content\/uploads\/2020\/09\/P_20200903_144336-1536x864.jpg 1536w, https:\/\/stlumine-stemarie.fr\/wp-content\/uploads\/2020\/09\/P_20200903_144336.jpg 1920w\" sizes=\"auto, (max-width: 470px) 100vw, 470px\" \/><\/a><a href=\"https:\/\/stlumine-stemarie.fr\/wp-content\/uploads\/2020\/09\/P_20200903_144552.jpg\"><img loading=\"lazy\" decoding=\"async\" class=\"alignnone wp-image-3977\" src=\"https:\/\/stlumine-stemarie.fr\/wp-content\/uploads\/2020\/09\/P_20200903_144552-300x169.jpg\" alt=\"\" width=\"475\" height=\"267\" srcset=\"https:\/\/stlumine-stemarie.fr\/wp-content\/uploads\/2020\/09\/P_20200903_144552-300x169.jpg 300w, https:\/\/stlumine-stemarie.fr\/wp-content\/uploads\/2020\/09\/P_20200903_144552-1024x576.jpg 1024w, https:\/\/stlumine-stemarie.fr\/wp-content\/uploads\/2020\/09\/P_20200903_144552-768x432.jpg 768w, https:\/\/stlumine-stemarie.fr\/wp-content\/uploads\/2020\/09\/P_20200903_144552-1536x864.jpg 1536w, https:\/\/stlumine-stemarie.fr\/wp-content\/uploads\/2020\/09\/P_20200903_144552.jpg 1920w\" sizes=\"auto, (max-width: 475px) 100vw, 475px\" \/><\/a><\/p>\n<p>La semaine prochaine, on va faire l\u2019essai d\u2019une semaine enti\u00e8re ensemble&nbsp;! Des aventures en perspectives et de nouveaux apprentissages&nbsp;!<\/p>\n<p>A bient\u00f4t pour de nouvelle aventures en CE1-CE2.<\/p>\n<p>&nbsp;<\/p>\n<p>&nbsp;<\/p>\n","protected":false},"excerpt":{"rendered":"<p>&nbsp; Bonjour les parents, cette semaine c\u2019est Madame DEUX qui vous parle mais tr\u00e8s bient\u00f4t ce seront les \u00e9l\u00e8ves de la classe de CE1-CE2 qui vous raconteront nos semaines. &nbsp; &nbsp; &nbsp; &nbsp; Tout s\u2019est bien pass\u00e9, nous nous installons dans la classe petit \u00e0 petit. Il y a beaucoup de changements, l\u2019\u00e9cole, la classe,<\/p>\n<p><a href=\"https:\/\/stlumine-stemarie.fr\/?p=3975\" class=\"more-link themebutton\">Read More<\/a><\/p>\n","protected":false},"author":13,"featured_media":0,"comment_status":"closed","ping_status":"closed","sticky":false,"template":"","format":"standard","meta":{"ngg_post_thumbnail":0,"footnotes":""},"categories":[30,17],"tags":[],"class_list":["post-3975","post","type-post","status-publish","format-standard","hentry","category-annee-2017-2018","category-apel"],"_links":{"self":[{"href":"https:\/\/stlumine-stemarie.fr\/index.php?rest_route=\/wp\/v2\/posts\/3975","targetHints":{"allow":["GET"]}}],"collection":[{"href":"https:\/\/stlumine-stemarie.fr\/index.php?rest_route=\/wp\/v2\/posts"}],"about":[{"href":"https:\/\/stlumine-stemarie.fr\/index.php?rest_route=\/wp\/v2\/types\/post"}],"author":[{"embeddable":true,"href":"https:\/\/stlumine-stemarie.fr\/index.php?rest_route=\/wp\/v2\/users\/13"}],"replies":[{"embeddable":true,"href":"https:\/\/stlumine-stemarie.fr\/index.php?rest_route=%2Fwp%2Fv2%2Fcomments&post=3975"}],"version-history":[{"count":3,"href":"https:\/\/stlumine-stemarie.fr\/index.php?rest_route=\/wp\/v2\/posts\/3975\/revisions"}],"predecessor-version":[{"id":3987,"href":"https:\/\/stlumine-stemarie.fr\/index.php?rest_route=\/wp\/v2\/posts\/3975\/revisions\/3987"}],"wp:attachment":[{"href":"https:\/\/stlumine-stemarie.fr\/index.php?rest_route=%2Fwp%2Fv2%2Fmedia&parent=3975"}],"wp:term":[{"taxonomy":"category","embeddable":true,"href":"https:\/\/stlumine-stemarie.fr\/index.php?rest_route=%2Fwp%2Fv2%2Fcategories&post=3975"},{"taxonomy":"post_tag","embeddable":true,"href":"https:\/\/stlumine-stemarie.fr\/index.php?rest_route=%2Fwp%2Fv2%2Ftags&post=3975"}],"curies":[{"name":"wp","href":"https:\/\/api.w.org\/{rel}","templated":true}]}}