{"id":3903,"date":"2020-02-16T10:05:07","date_gmt":"2020-02-16T09:05:07","guid":{"rendered":"https:\/\/stlumine-stemarie.fr\/?p=3903"},"modified":"2020-02-16T10:05:07","modified_gmt":"2020-02-16T09:05:07","slug":"le-carnaval","status":"publish","type":"post","link":"https:\/\/stlumine-stemarie.fr\/?p=3903","title":{"rendered":"Le Carnaval"},"content":{"rendered":"<p>L&rsquo;association des parents d&rsquo;\u00e9l\u00e8ves des \u00e9coles de St Lumine de Coutais et la municipalit\u00e9 sont heureux de vous convier&nbsp; au carnaval annuel qui se d\u00e9roulera le Samedi 7 Mars 2020, rendez vous vers 17h30 pour un d\u00e9part \u00e0 18h.<\/p>\n<p>Pour la premi\u00e8re ann\u00e9e, ce d\u00e9fil\u00e9 se fera&nbsp; en semi-nocturne avec l&rsquo;\u00e9clairage multicolore de magnifiques lampions \u00e0 led qui seront fournis sur place en t\u00eate l&rsquo;harmonie Saint Michel et Monsieur Carnaval. Un verre de l&rsquo;amiti\u00e9 sera offert&nbsp; par la municipalit\u00e9 \u00e0 l&rsquo;arriv\u00e9e.<\/p>\n<p>Historiquement, Le Carnaval&nbsp; Marquait le passage de l&rsquo;hiver au Printemps, nous vous proposons de r\u00e9aliser un Bonhomme Carnaval qui repr\u00e9sentera l&rsquo;Hiver, le Froid, l&rsquo;humidit\u00e9, les jours courts&#8230; et qui sera br\u00fbl\u00e9 \u00e0 l&rsquo;arriv\u00e9e pour laisser place aux couleurs chatoyante du Printemps.<\/p>\n<p>Nous recherchons des bonnes volont\u00e9s pour la fabrication de ce monsieur Carnaval qui aura lieu le 29.02.2020 \u00e0 partir de 14h au 6 La Papini\u00e8re (merci de nous informer de votre pr\u00e9sence : michael.bigeon@gmail.com).<\/p>\n<p>Pour annoncer cet \u00e9v\u00e9nement, nous lan\u00e7ons un concours de dessins qui permettront d&rsquo;illustrer l&rsquo;affiche. Alors les enfants, tous \u00e0 vos crayons et d\u00e9posez vos dessins avant le 29.01.2020 aupr\u00e8s de vos enseignant(e)s.<\/p>\n","protected":false},"excerpt":{"rendered":"<p>L&rsquo;association des parents d&rsquo;\u00e9l\u00e8ves des \u00e9coles de St Lumine de Coutais et la municipalit\u00e9 sont heureux de vous convier&nbsp; au carnaval annuel qui se d\u00e9roulera le Samedi 7 Mars 2020, rendez vous vers 17h30 pour un d\u00e9part \u00e0 18h. Pour la premi\u00e8re ann\u00e9e, ce d\u00e9fil\u00e9 se fera&nbsp; en semi-nocturne avec l&rsquo;\u00e9clairage multicolore de magnifiques lampions<\/p>\n<p><a href=\"https:\/\/stlumine-stemarie.fr\/?p=3903\" class=\"more-link themebutton\">Read More<\/a><\/p>\n","protected":false},"author":11,"featured_media":3484,"comment_status":"closed","ping_status":"closed","sticky":false,"template":"","format":"standard","meta":{"ngg_post_thumbnail":0,"footnotes":""},"categories":[17],"tags":[],"class_list":["post-3903","post","type-post","status-publish","format-standard","has-post-thumbnail","hentry","category-apel"],"_links":{"self":[{"href":"https:\/\/stlumine-stemarie.fr\/index.php?rest_route=\/wp\/v2\/posts\/3903","targetHints":{"allow":["GET"]}}],"collection":[{"href":"https:\/\/stlumine-stemarie.fr\/index.php?rest_route=\/wp\/v2\/posts"}],"about":[{"href":"https:\/\/stlumine-stemarie.fr\/index.php?rest_route=\/wp\/v2\/types\/post"}],"author":[{"embeddable":true,"href":"https:\/\/stlumine-stemarie.fr\/index.php?rest_route=\/wp\/v2\/users\/11"}],"replies":[{"embeddable":true,"href":"https:\/\/stlumine-stemarie.fr\/index.php?rest_route=%2Fwp%2Fv2%2Fcomments&post=3903"}],"version-history":[{"count":1,"href":"https:\/\/stlumine-stemarie.fr\/index.php?rest_route=\/wp\/v2\/posts\/3903\/revisions"}],"predecessor-version":[{"id":3904,"href":"https:\/\/stlumine-stemarie.fr\/index.php?rest_route=\/wp\/v2\/posts\/3903\/revisions\/3904"}],"wp:featuredmedia":[{"embeddable":true,"href":"https:\/\/stlumine-stemarie.fr\/index.php?rest_route=\/wp\/v2\/media\/3484"}],"wp:attachment":[{"href":"https:\/\/stlumine-stemarie.fr\/index.php?rest_route=%2Fwp%2Fv2%2Fmedia&parent=3903"}],"wp:term":[{"taxonomy":"category","embeddable":true,"href":"https:\/\/stlumine-stemarie.fr\/index.php?rest_route=%2Fwp%2Fv2%2Fcategories&post=3903"},{"taxonomy":"post_tag","embeddable":true,"href":"https:\/\/stlumine-stemarie.fr\/index.php?rest_route=%2Fwp%2Fv2%2Ftags&post=3903"}],"curies":[{"name":"wp","href":"https:\/\/api.w.org\/{rel}","templated":true}]}}