{"id":3717,"date":"2019-08-30T09:35:30","date_gmt":"2019-08-30T07:35:30","guid":{"rendered":"https:\/\/stlumine-stemarie.fr\/?p=3717"},"modified":"2019-08-30T09:35:30","modified_gmt":"2019-08-30T07:35:30","slug":"rentree-scolaire","status":"publish","type":"post","link":"https:\/\/stlumine-stemarie.fr\/?p=3717","title":{"rendered":"Rentr\u00e9e scolaire"},"content":{"rendered":"<p>&nbsp;<\/p>\n<p>&nbsp;<\/p>\n<p><a href=\"https:\/\/stlumine-stemarie.fr\/wp-content\/uploads\/2019\/08\/image-rentr\u00e9e.png\"><img loading=\"lazy\" decoding=\"async\" class=\" wp-image-3718 aligncenter\" src=\"https:\/\/stlumine-stemarie.fr\/wp-content\/uploads\/2019\/08\/image-rentr\u00e9e.png\" alt=\"\" width=\"307\" height=\"147\" srcset=\"https:\/\/stlumine-stemarie.fr\/wp-content\/uploads\/2019\/08\/image-rentr\u00e9e.png 702w, https:\/\/stlumine-stemarie.fr\/wp-content\/uploads\/2019\/08\/image-rentr\u00e9e-300x144.png 300w\" sizes=\"auto, (max-width: 307px) 100vw, 307px\" \/><\/a><\/p>\n<p style=\"text-align: center\">Bienvenue \u00e0 tous,<\/p>\n<p style=\"text-align: center\"><strong>Le Lundi 2 Septembre 2019 \u00e0 8 h35<\/strong> pour <strong>la rentr\u00e9e des classes<\/strong>.<\/p>\n<p style=\"text-align: center\">Caf\u00e9, th\u00e9, jus d\u2019orange seront au rendez- vous, sur les deux sites, pour nous donner du c\u0153ur \u00e0 l\u2019ouvrage.<\/p>\n<p><a href=\"https:\/\/stlumine-stemarie.fr\/wp-content\/uploads\/2019\/08\/soleil.jpg\"><img loading=\"lazy\" decoding=\"async\" class=\"alignnone  wp-image-3719 aligncenter\" src=\"https:\/\/stlumine-stemarie.fr\/wp-content\/uploads\/2019\/08\/soleil.jpg\" alt=\"\" width=\"146\" height=\"146\" srcset=\"https:\/\/stlumine-stemarie.fr\/wp-content\/uploads\/2019\/08\/soleil.jpg 225w, https:\/\/stlumine-stemarie.fr\/wp-content\/uploads\/2019\/08\/soleil-150x150.jpg 150w\" sizes=\"auto, (max-width: 146px) 100vw, 146px\" \/><\/a><\/p>\n","protected":false},"excerpt":{"rendered":"<p>&nbsp; &nbsp; Bienvenue \u00e0 tous, Le Lundi 2 Septembre 2019 \u00e0 8 h35 pour la rentr\u00e9e des classes. Caf\u00e9, th\u00e9, jus d\u2019orange seront au rendez- vous, sur les deux sites, pour nous donner du c\u0153ur \u00e0 l\u2019ouvrage.<\/p>\n","protected":false},"author":11,"featured_media":3718,"comment_status":"closed","ping_status":"closed","sticky":false,"template":"","format":"standard","meta":{"ngg_post_thumbnail":0,"footnotes":""},"categories":[17],"tags":[],"class_list":["post-3717","post","type-post","status-publish","format-standard","has-post-thumbnail","hentry","category-apel"],"_links":{"self":[{"href":"https:\/\/stlumine-stemarie.fr\/index.php?rest_route=\/wp\/v2\/posts\/3717","targetHints":{"allow":["GET"]}}],"collection":[{"href":"https:\/\/stlumine-stemarie.fr\/index.php?rest_route=\/wp\/v2\/posts"}],"about":[{"href":"https:\/\/stlumine-stemarie.fr\/index.php?rest_route=\/wp\/v2\/types\/post"}],"author":[{"embeddable":true,"href":"https:\/\/stlumine-stemarie.fr\/index.php?rest_route=\/wp\/v2\/users\/11"}],"replies":[{"embeddable":true,"href":"https:\/\/stlumine-stemarie.fr\/index.php?rest_route=%2Fwp%2Fv2%2Fcomments&post=3717"}],"version-history":[{"count":2,"href":"https:\/\/stlumine-stemarie.fr\/index.php?rest_route=\/wp\/v2\/posts\/3717\/revisions"}],"predecessor-version":[{"id":3721,"href":"https:\/\/stlumine-stemarie.fr\/index.php?rest_route=\/wp\/v2\/posts\/3717\/revisions\/3721"}],"wp:featuredmedia":[{"embeddable":true,"href":"https:\/\/stlumine-stemarie.fr\/index.php?rest_route=\/wp\/v2\/media\/3718"}],"wp:attachment":[{"href":"https:\/\/stlumine-stemarie.fr\/index.php?rest_route=%2Fwp%2Fv2%2Fmedia&parent=3717"}],"wp:term":[{"taxonomy":"category","embeddable":true,"href":"https:\/\/stlumine-stemarie.fr\/index.php?rest_route=%2Fwp%2Fv2%2Fcategories&post=3717"},{"taxonomy":"post_tag","embeddable":true,"href":"https:\/\/stlumine-stemarie.fr\/index.php?rest_route=%2Fwp%2Fv2%2Ftags&post=3717"}],"curies":[{"name":"wp","href":"https:\/\/api.w.org\/{rel}","templated":true}]}}