{"id":353,"date":"2015-12-09T10:00:15","date_gmt":"2015-12-09T09:00:15","guid":{"rendered":"https:\/\/stlumine-stemarie.fr\/?p=353"},"modified":"2017-09-14T14:03:19","modified_gmt":"2017-09-14T13:03:19","slug":"a-la-decouverte-de-georges-seurat-et-pablo-picasso","status":"publish","type":"post","link":"https:\/\/stlumine-stemarie.fr\/?p=353","title":{"rendered":"A la d\u00e9couverte de Georges Seurat et Pablo Picasso"},"content":{"rendered":"<p><a href=\"https:\/\/stlumine-stemarie.fr\/wp-content\/uploads\/2015\/12\/DSCN4265.jpg\"><img loading=\"lazy\" decoding=\"async\" class=\"alignright size-medium wp-image-402\" src=\"https:\/\/stlumine-stemarie.fr\/wp-content\/uploads\/2015\/12\/DSCN4265-300x225.jpg\" alt=\"DSCN4265\" width=\"300\" height=\"225\" srcset=\"https:\/\/stlumine-stemarie.fr\/wp-content\/uploads\/2015\/12\/DSCN4265-300x225.jpg 300w, https:\/\/stlumine-stemarie.fr\/wp-content\/uploads\/2015\/12\/DSCN4265-1024x768.jpg 1024w, https:\/\/stlumine-stemarie.fr\/wp-content\/uploads\/2015\/12\/DSCN4265-960x720.jpg 960w, https:\/\/stlumine-stemarie.fr\/wp-content\/uploads\/2015\/12\/DSCN4265-480x360.jpg 480w, https:\/\/stlumine-stemarie.fr\/wp-content\/uploads\/2015\/12\/DSCN4265-320x240.jpg 320w, https:\/\/stlumine-stemarie.fr\/wp-content\/uploads\/2015\/12\/DSCN4265-240x180.jpg 240w, https:\/\/stlumine-stemarie.fr\/wp-content\/uploads\/2015\/12\/DSCN4265.jpg 2048w\" sizes=\"auto, (max-width: 300px) 100vw, 300px\" \/><\/a><a href=\"https:\/\/stlumine-stemarie.fr\/wp-content\/uploads\/2015\/12\/DSCN4266.jpg\"><img loading=\"lazy\" decoding=\"async\" class=\"alignright size-medium wp-image-403\" src=\"https:\/\/stlumine-stemarie.fr\/wp-content\/uploads\/2015\/12\/DSCN4266-300x225.jpg\" alt=\"DSCN4266\" width=\"300\" height=\"225\" srcset=\"https:\/\/stlumine-stemarie.fr\/wp-content\/uploads\/2015\/12\/DSCN4266-300x225.jpg 300w, https:\/\/stlumine-stemarie.fr\/wp-content\/uploads\/2015\/12\/DSCN4266-1024x768.jpg 1024w, https:\/\/stlumine-stemarie.fr\/wp-content\/uploads\/2015\/12\/DSCN4266-960x720.jpg 960w, https:\/\/stlumine-stemarie.fr\/wp-content\/uploads\/2015\/12\/DSCN4266-480x360.jpg 480w, https:\/\/stlumine-stemarie.fr\/wp-content\/uploads\/2015\/12\/DSCN4266-320x240.jpg 320w, https:\/\/stlumine-stemarie.fr\/wp-content\/uploads\/2015\/12\/DSCN4266-240x180.jpg 240w, https:\/\/stlumine-stemarie.fr\/wp-content\/uploads\/2015\/12\/DSCN4266.jpg 2048w\" sizes=\"auto, (max-width: 300px) 100vw, 300px\" \/><\/a>Dans le cadre de notre th\u00e8me sur le cirque, nous avons \u00e9t\u00e9 \u00e0 la rencontre de 2 artistes qui se sont inspir\u00e9s du milieu du cirque pour peindre certaines de leurs oeuvres. Nous avons appris que G.Seurat peignait en faisant plein de petits points, c&rsquo;est le pointillisme. Quand \u00e0 P.Picasso, quelle fa\u00e7on \u00e9trange avait-il de dessiner ses personnages ! Nous avons beaucoup rit en observant et d\u00e9crivant certaines de ses oeuvres ! Bien s\u00fbr nous avons essay\u00e9 de faire comme eux : \u00ab\u00a0Le cirque \u00a0\u00bb avec que des petits points (\u00e7a a \u00e9t\u00e9 long !!!) (GS-CP) et un acrobate \u00e0 la mani\u00e8re de P. Picasso (CP). Nous sommes tr\u00e8s fiers de nos r\u00e9alisations ! De vrais artistes !<\/p>\n","protected":false},"excerpt":{"rendered":"<p>Dans le cadre de notre th\u00e8me sur le cirque, nous avons \u00e9t\u00e9 \u00e0 la rencontre de 2 artistes qui se sont inspir\u00e9s du milieu du cirque pour peindre certaines de leurs oeuvres. Nous avons appris que G.Seurat peignait en faisant plein de petits points, c&rsquo;est le pointillisme. Quand \u00e0 P.Picasso, quelle fa\u00e7on \u00e9trange avait-il de<\/p>\n<p><a href=\"https:\/\/stlumine-stemarie.fr\/?p=353\" class=\"more-link themebutton\">Read More<\/a><\/p>\n","protected":false},"author":3,"featured_media":0,"comment_status":"closed","ping_status":"closed","sticky":false,"template":"","format":"standard","meta":{"ngg_post_thumbnail":0,"footnotes":""},"categories":[10,32],"tags":[],"class_list":["post-353","post","type-post","status-publish","format-standard","hentry","category-gs-cp","category-annee-2015-2016"],"_links":{"self":[{"href":"https:\/\/stlumine-stemarie.fr\/index.php?rest_route=\/wp\/v2\/posts\/353","targetHints":{"allow":["GET"]}}],"collection":[{"href":"https:\/\/stlumine-stemarie.fr\/index.php?rest_route=\/wp\/v2\/posts"}],"about":[{"href":"https:\/\/stlumine-stemarie.fr\/index.php?rest_route=\/wp\/v2\/types\/post"}],"author":[{"embeddable":true,"href":"https:\/\/stlumine-stemarie.fr\/index.php?rest_route=\/wp\/v2\/users\/3"}],"replies":[{"embeddable":true,"href":"https:\/\/stlumine-stemarie.fr\/index.php?rest_route=%2Fwp%2Fv2%2Fcomments&post=353"}],"version-history":[{"count":2,"href":"https:\/\/stlumine-stemarie.fr\/index.php?rest_route=\/wp\/v2\/posts\/353\/revisions"}],"predecessor-version":[{"id":1760,"href":"https:\/\/stlumine-stemarie.fr\/index.php?rest_route=\/wp\/v2\/posts\/353\/revisions\/1760"}],"wp:attachment":[{"href":"https:\/\/stlumine-stemarie.fr\/index.php?rest_route=%2Fwp%2Fv2%2Fmedia&parent=353"}],"wp:term":[{"taxonomy":"category","embeddable":true,"href":"https:\/\/stlumine-stemarie.fr\/index.php?rest_route=%2Fwp%2Fv2%2Fcategories&post=353"},{"taxonomy":"post_tag","embeddable":true,"href":"https:\/\/stlumine-stemarie.fr\/index.php?rest_route=%2Fwp%2Fv2%2Ftags&post=353"}],"curies":[{"name":"wp","href":"https:\/\/api.w.org\/{rel}","templated":true}]}}