{"id":3517,"date":"2019-04-03T07:46:37","date_gmt":"2019-04-03T05:46:37","guid":{"rendered":"https:\/\/stlumine-stemarie.fr\/?p=3517"},"modified":"2019-04-03T07:46:37","modified_gmt":"2019-04-03T05:46:37","slug":"marche-de-printemps-changement-de-date","status":"publish","type":"post","link":"https:\/\/stlumine-stemarie.fr\/?p=3517","title":{"rendered":"March\u00e9 de Printemps \u00ab\u00a0Changement de date\u00a0\u00bb"},"content":{"rendered":"<p style=\"text-align: center\"><strong>Petit changement<\/strong><\/p>\n<p style=\"text-align: center\">Le March\u00e9 de Printemps pr\u00e9vu le vendredi 26 Avril 2019 est d\u00e9cal\u00e9 au Vendredi 10 Mai 2019.<\/p>\n<p style=\"text-align: center\">Soyez nombreux, on compte sur vous !!!<\/p>\n<p><a href=\"https:\/\/stlumine-stemarie.fr\/wp-content\/uploads\/2019\/03\/pansy-327188_640.jpg\"><img loading=\"lazy\" decoding=\"async\" class=\"size-medium wp-image-3509 aligncenter\" src=\"https:\/\/stlumine-stemarie.fr\/wp-content\/uploads\/2019\/03\/pansy-327188_640-300x254.jpg\" alt=\"\" width=\"300\" height=\"254\" srcset=\"https:\/\/stlumine-stemarie.fr\/wp-content\/uploads\/2019\/03\/pansy-327188_640-300x254.jpg 300w, https:\/\/stlumine-stemarie.fr\/wp-content\/uploads\/2019\/03\/pansy-327188_640.jpg 640w\" sizes=\"auto, (max-width: 300px) 100vw, 300px\" \/><\/a><\/p>\n","protected":false},"excerpt":{"rendered":"<p>Petit changement Le March\u00e9 de Printemps pr\u00e9vu le vendredi 26 Avril 2019 est d\u00e9cal\u00e9 au Vendredi 10 Mai 2019. Soyez nombreux, on compte sur vous !!!<\/p>\n","protected":false},"author":11,"featured_media":0,"comment_status":"closed","ping_status":"closed","sticky":false,"template":"","format":"standard","meta":{"ngg_post_thumbnail":0,"footnotes":""},"categories":[17],"tags":[],"class_list":["post-3517","post","type-post","status-publish","format-standard","hentry","category-apel"],"_links":{"self":[{"href":"https:\/\/stlumine-stemarie.fr\/index.php?rest_route=\/wp\/v2\/posts\/3517","targetHints":{"allow":["GET"]}}],"collection":[{"href":"https:\/\/stlumine-stemarie.fr\/index.php?rest_route=\/wp\/v2\/posts"}],"about":[{"href":"https:\/\/stlumine-stemarie.fr\/index.php?rest_route=\/wp\/v2\/types\/post"}],"author":[{"embeddable":true,"href":"https:\/\/stlumine-stemarie.fr\/index.php?rest_route=\/wp\/v2\/users\/11"}],"replies":[{"embeddable":true,"href":"https:\/\/stlumine-stemarie.fr\/index.php?rest_route=%2Fwp%2Fv2%2Fcomments&post=3517"}],"version-history":[{"count":1,"href":"https:\/\/stlumine-stemarie.fr\/index.php?rest_route=\/wp\/v2\/posts\/3517\/revisions"}],"predecessor-version":[{"id":3518,"href":"https:\/\/stlumine-stemarie.fr\/index.php?rest_route=\/wp\/v2\/posts\/3517\/revisions\/3518"}],"wp:attachment":[{"href":"https:\/\/stlumine-stemarie.fr\/index.php?rest_route=%2Fwp%2Fv2%2Fmedia&parent=3517"}],"wp:term":[{"taxonomy":"category","embeddable":true,"href":"https:\/\/stlumine-stemarie.fr\/index.php?rest_route=%2Fwp%2Fv2%2Fcategories&post=3517"},{"taxonomy":"post_tag","embeddable":true,"href":"https:\/\/stlumine-stemarie.fr\/index.php?rest_route=%2Fwp%2Fv2%2Ftags&post=3517"}],"curies":[{"name":"wp","href":"https:\/\/api.w.org\/{rel}","templated":true}]}}