{"id":3514,"date":"2019-04-02T06:26:42","date_gmt":"2019-04-02T04:26:42","guid":{"rendered":"https:\/\/stlumine-stemarie.fr\/?p=3514"},"modified":"2019-04-03T07:52:43","modified_gmt":"2019-04-03T05:52:43","slug":"carnaval-de-saint-lumine-de-coutais","status":"publish","type":"post","link":"https:\/\/stlumine-stemarie.fr\/?p=3514","title":{"rendered":"Carnaval de Saint Lumine de Coutais"},"content":{"rendered":"<p><a href=\"https:\/\/stlumine-stemarie.fr\/wp-content\/uploads\/2019\/03\/Carnaval.png\"><img loading=\"lazy\" decoding=\"async\" class=\"alignnone size-medium wp-image-3484\" src=\"https:\/\/stlumine-stemarie.fr\/wp-content\/uploads\/2019\/03\/Carnaval-300x238.png\" alt=\"\" width=\"300\" height=\"238\" srcset=\"https:\/\/stlumine-stemarie.fr\/wp-content\/uploads\/2019\/03\/Carnaval-300x238.png 300w, https:\/\/stlumine-stemarie.fr\/wp-content\/uploads\/2019\/03\/Carnaval.png 497w\" sizes=\"auto, (max-width: 300px) 100vw, 300px\" \/><\/a><\/p>\n<p>Le carnaval de St Lumine de Coutais&nbsp; aura lieu le <strong>Samedi 6 Avril 2019 \u00e0 10h30<\/strong>, <strong>\u00e0 la place de l&rsquo;\u00e9glise<\/strong>, organis\u00e9 en collaboration par la Mairie et les associations de parents d&rsquo;\u00e9l\u00e8ves de Ste Marie et des Jardins de Bellevue.<\/p>\n<p>Le d\u00e9fil\u00e9 sera anim\u00e9 par l&rsquo;harmonie St Michel de St Philbert de Grand Lieu, suivi du l\u00e2cher de ballon.<\/p>\n<p>La Mairie cl\u00f4turera le carnaval par un verre de l&rsquo;amiti\u00e9.<\/p>\n<p>Les enfants seront sous la responsabilit\u00e9 des parents durant toute la manifestation. Nous aurons besoin de parents pour assurer la s\u00e9curit\u00e9 tout au long du parcours. Merci de vous pr\u00e9senter&nbsp; aupr\u00e8s de St\u00e9phane SERENNE et Patricia PATRON avant le d\u00e9part place de l&rsquo;\u00e9glise (avec un gilet jaune).<\/p>\n<p>Nous vous remercions pour votre participation.<\/p>\n<p>&nbsp;<\/p>\n<p>&nbsp;<\/p>\n<p>&nbsp;<\/p>\n","protected":false},"excerpt":{"rendered":"<p>Le carnaval de St Lumine de Coutais&nbsp; aura lieu le Samedi 6 Avril 2019 \u00e0 10h30, \u00e0 la place de l&rsquo;\u00e9glise, organis\u00e9 en collaboration par la Mairie et les associations de parents d&rsquo;\u00e9l\u00e8ves de Ste Marie et des Jardins de Bellevue. Le d\u00e9fil\u00e9 sera anim\u00e9 par l&rsquo;harmonie St Michel de St Philbert de Grand Lieu,<\/p>\n<p><a href=\"https:\/\/stlumine-stemarie.fr\/?p=3514\" class=\"more-link themebutton\">Read More<\/a><\/p>\n","protected":false},"author":11,"featured_media":3484,"comment_status":"closed","ping_status":"closed","sticky":false,"template":"","format":"standard","meta":{"ngg_post_thumbnail":0,"footnotes":""},"categories":[17],"tags":[],"class_list":["post-3514","post","type-post","status-publish","format-standard","has-post-thumbnail","hentry","category-apel"],"_links":{"self":[{"href":"https:\/\/stlumine-stemarie.fr\/index.php?rest_route=\/wp\/v2\/posts\/3514","targetHints":{"allow":["GET"]}}],"collection":[{"href":"https:\/\/stlumine-stemarie.fr\/index.php?rest_route=\/wp\/v2\/posts"}],"about":[{"href":"https:\/\/stlumine-stemarie.fr\/index.php?rest_route=\/wp\/v2\/types\/post"}],"author":[{"embeddable":true,"href":"https:\/\/stlumine-stemarie.fr\/index.php?rest_route=\/wp\/v2\/users\/11"}],"replies":[{"embeddable":true,"href":"https:\/\/stlumine-stemarie.fr\/index.php?rest_route=%2Fwp%2Fv2%2Fcomments&post=3514"}],"version-history":[{"count":3,"href":"https:\/\/stlumine-stemarie.fr\/index.php?rest_route=\/wp\/v2\/posts\/3514\/revisions"}],"predecessor-version":[{"id":3519,"href":"https:\/\/stlumine-stemarie.fr\/index.php?rest_route=\/wp\/v2\/posts\/3514\/revisions\/3519"}],"wp:featuredmedia":[{"embeddable":true,"href":"https:\/\/stlumine-stemarie.fr\/index.php?rest_route=\/wp\/v2\/media\/3484"}],"wp:attachment":[{"href":"https:\/\/stlumine-stemarie.fr\/index.php?rest_route=%2Fwp%2Fv2%2Fmedia&parent=3514"}],"wp:term":[{"taxonomy":"category","embeddable":true,"href":"https:\/\/stlumine-stemarie.fr\/index.php?rest_route=%2Fwp%2Fv2%2Fcategories&post=3514"},{"taxonomy":"post_tag","embeddable":true,"href":"https:\/\/stlumine-stemarie.fr\/index.php?rest_route=%2Fwp%2Fv2%2Ftags&post=3514"}],"curies":[{"name":"wp","href":"https:\/\/api.w.org\/{rel}","templated":true}]}}