{"id":3112,"date":"2018-09-25T20:50:47","date_gmt":"2018-09-25T18:50:47","guid":{"rendered":"https:\/\/stlumine-stemarie.fr\/?p=3112"},"modified":"2018-09-25T20:50:47","modified_gmt":"2018-09-25T18:50:47","slug":"en-route-pour-laventure","status":"publish","type":"post","link":"https:\/\/stlumine-stemarie.fr\/?p=3112","title":{"rendered":"En route pour l&rsquo;aventure!!"},"content":{"rendered":"<p><img loading=\"lazy\" decoding=\"async\" src=\"https:\/\/stlumine-stemarie.fr\/wp-content\/uploads\/2018\/09\/P1020785-150x150.jpg\" alt=\"\" width=\"150\" height=\"150\" class=\"alignleft size-thumbnail wp-image-3093\" srcset=\"https:\/\/stlumine-stemarie.fr\/wp-content\/uploads\/2018\/09\/P1020785-150x150.jpg 150w, https:\/\/stlumine-stemarie.fr\/wp-content\/uploads\/2018\/09\/P1020785-960x960.jpg 960w, https:\/\/stlumine-stemarie.fr\/wp-content\/uploads\/2018\/09\/P1020785-480x480.jpg 480w, https:\/\/stlumine-stemarie.fr\/wp-content\/uploads\/2018\/09\/P1020785-320x320.jpg 320w, https:\/\/stlumine-stemarie.fr\/wp-content\/uploads\/2018\/09\/P1020785-240x240.jpg 240w\" sizes=\"auto, (max-width: 150px) 100vw, 150px\" \/><\/a><br \/>\nLundi 24 Septembre 2018,\u00e0 8 heures, l&rsquo;aventure commence!C&rsquo;est le grand d\u00e9part des CM1-CM2,Chantal, Gilles et Marie-Jo (Nos accompagnateurs pour Piriac.jpg\u00a0\u00bb><img loading=\"lazy\" decoding=\"async\" src=\"https:\/\/stlumine-stemarie.fr\/wp-content\/uploads\/2018\/09\/P1020786-150x150.jpg\" alt=\"\" width=\"150\" height=\"150\" class=\"alignleft size-thumbnail wp-image-3097\" srcset=\"https:\/\/stlumine-stemarie.fr\/wp-content\/uploads\/2018\/09\/P1020786-150x150.jpg 150w, https:\/\/stlumine-stemarie.fr\/wp-content\/uploads\/2018\/09\/P1020786-960x960.jpg 960w, https:\/\/stlumine-stemarie.fr\/wp-content\/uploads\/2018\/09\/P1020786-480x480.jpg 480w, https:\/\/stlumine-stemarie.fr\/wp-content\/uploads\/2018\/09\/P1020786-320x320.jpg 320w, https:\/\/stlumine-stemarie.fr\/wp-content\/uploads\/2018\/09\/P1020786-240x240.jpg 240w\" sizes=\"auto, (max-width: 150px) 100vw, 150px\" \/><\/a><a href=\"https:\/\/stlumine-stemarie.fr\/wp-content\/uploads\/2018\/09\/P1020792.jpg\"><img loading=\"lazy\" decoding=\"async\" src=\"https:\/\/stlumine-stemarie.fr\/wp-content\/uploads\/2018\/09\/P1020792-150x150.jpg\" alt=\"\" width=\"150\" height=\"150\" class=\"alignleft size-thumbnail wp-image-3106\" srcset=\"https:\/\/stlumine-stemarie.fr\/wp-content\/uploads\/2018\/09\/P1020792-150x150.jpg 150w, https:\/\/stlumine-stemarie.fr\/wp-content\/uploads\/2018\/09\/P1020792-960x960.jpg 960w, https:\/\/stlumine-stemarie.fr\/wp-content\/uploads\/2018\/09\/P1020792-480x480.jpg 480w, https:\/\/stlumine-stemarie.fr\/wp-content\/uploads\/2018\/09\/P1020792-320x320.jpg 320w, https:\/\/stlumine-stemarie.fr\/wp-content\/uploads\/2018\/09\/P1020792-240x240.jpg 240w\" sizes=\"auto, (max-width: 150px) 100vw, 150px\" \/><\/a><a href=\"https:\/\/stlumine-stemarie.fr\/wp-content\/uploads\/2018\/09\/P1020786-1.jpg\"><img loading=\"lazy\" decoding=\"async\" src=\"https:\/\/stlumine-stemarie.fr\/wp-content\/uploads\/2018\/09\/P1020786-1-150x150.jpg\" alt=\"\" width=\"150\" height=\"150\" class=\"alignleft size-thumbnail wp-image-3111\" srcset=\"https:\/\/stlumine-stemarie.fr\/wp-content\/uploads\/2018\/09\/P1020786-1-150x150.jpg 150w, https:\/\/stlumine-stemarie.fr\/wp-content\/uploads\/2018\/09\/P1020786-1-960x960.jpg 960w, https:\/\/stlumine-stemarie.fr\/wp-content\/uploads\/2018\/09\/P1020786-1-480x480.jpg 480w, https:\/\/stlumine-stemarie.fr\/wp-content\/uploads\/2018\/09\/P1020786-1-320x320.jpg 320w, https:\/\/stlumine-stemarie.fr\/wp-content\/uploads\/2018\/09\/P1020786-1-240x240.jpg 240w\" sizes=\"auto, (max-width: 150px) 100vw, 150px\" \/><\/a><br \/>\nNotre direction:La rose des vents \u00e0 Piriac et durant une semaine , au programme des activit\u00e9s sur le th\u00e8me de la mer.<br \/>\n<a href=\"https:\/\/stlumine-stemarie.fr\/wp-content\/uploads\/2018\/09\/P1020796.jpg\"><img loading=\"lazy\" decoding=\"async\" src=\"https:\/\/stlumine-stemarie.fr\/wp-content\/uploads\/2018\/09\/P1020796-150x150.jpg\" alt=\"\" width=\"150\" height=\"150\" class=\"alignleft size-thumbnail wp-image-3104\" srcset=\"https:\/\/stlumine-stemarie.fr\/wp-content\/uploads\/2018\/09\/P1020796-150x150.jpg 150w, https:\/\/stlumine-stemarie.fr\/wp-content\/uploads\/2018\/09\/P1020796-960x960.jpg 960w, https:\/\/stlumine-stemarie.fr\/wp-content\/uploads\/2018\/09\/P1020796-480x480.jpg 480w, https:\/\/stlumine-stemarie.fr\/wp-content\/uploads\/2018\/09\/P1020796-320x320.jpg 320w, https:\/\/stlumine-stemarie.fr\/wp-content\/uploads\/2018\/09\/P1020796-240x240.jpg 240w\" sizes=\"auto, (max-width: 150px) 100vw, 150px\" \/><\/a>H\u00e9 !mais attention \u00e0 ne pas oublier Chantal!!<br \/>\n(Pour info:Les CM1\/CM2 sont bien arriv\u00e9s et depuis 2 jours ont fait de nombreuses activit\u00e9s:p\u00eache \u00e0 pied, d\u00e9couverte de la plage, oc\u00e9arium&#8230;Le rythme de croisi\u00e8re est pris&#8230;)<\/p>\n","protected":false},"excerpt":{"rendered":"<p>Lundi 24 Septembre 2018,\u00e0 8 heures, l&rsquo;aventure commence!C&rsquo;est le grand d\u00e9part des CM1-CM2,Chantal, Gilles et Marie-Jo (Nos accompagnateurs pour Piriac.jpg\u00a0\u00bb> Notre direction:La rose des vents \u00e0 Piriac et durant une semaine , au programme des activit\u00e9s sur le th\u00e8me de la mer. H\u00e9 !mais attention \u00e0 ne pas oublier Chantal!! (Pour info:Les CM1\/CM2 sont bien<\/p>\n<p><a href=\"https:\/\/stlumine-stemarie.fr\/?p=3112\" class=\"more-link themebutton\">Read More<\/a><\/p>\n","protected":false},"author":6,"featured_media":0,"comment_status":"closed","ping_status":"closed","sticky":false,"template":"","format":"standard","meta":{"ngg_post_thumbnail":0,"footnotes":""},"categories":[13,28],"tags":[],"class_list":["post-3112","post","type-post","status-publish","format-standard","hentry","category-ce2-cm1","category-cm1-cm2"],"_links":{"self":[{"href":"https:\/\/stlumine-stemarie.fr\/index.php?rest_route=\/wp\/v2\/posts\/3112","targetHints":{"allow":["GET"]}}],"collection":[{"href":"https:\/\/stlumine-stemarie.fr\/index.php?rest_route=\/wp\/v2\/posts"}],"about":[{"href":"https:\/\/stlumine-stemarie.fr\/index.php?rest_route=\/wp\/v2\/types\/post"}],"author":[{"embeddable":true,"href":"https:\/\/stlumine-stemarie.fr\/index.php?rest_route=\/wp\/v2\/users\/6"}],"replies":[{"embeddable":true,"href":"https:\/\/stlumine-stemarie.fr\/index.php?rest_route=%2Fwp%2Fv2%2Fcomments&post=3112"}],"version-history":[{"count":3,"href":"https:\/\/stlumine-stemarie.fr\/index.php?rest_route=\/wp\/v2\/posts\/3112\/revisions"}],"predecessor-version":[{"id":3115,"href":"https:\/\/stlumine-stemarie.fr\/index.php?rest_route=\/wp\/v2\/posts\/3112\/revisions\/3115"}],"wp:attachment":[{"href":"https:\/\/stlumine-stemarie.fr\/index.php?rest_route=%2Fwp%2Fv2%2Fmedia&parent=3112"}],"wp:term":[{"taxonomy":"category","embeddable":true,"href":"https:\/\/stlumine-stemarie.fr\/index.php?rest_route=%2Fwp%2Fv2%2Fcategories&post=3112"},{"taxonomy":"post_tag","embeddable":true,"href":"https:\/\/stlumine-stemarie.fr\/index.php?rest_route=%2Fwp%2Fv2%2Ftags&post=3112"}],"curies":[{"name":"wp","href":"https:\/\/api.w.org\/{rel}","templated":true}]}}