{"id":3090,"date":"2018-09-20T16:03:30","date_gmt":"2018-09-20T14:03:30","guid":{"rendered":"https:\/\/stlumine-stemarie.fr\/?p=3090"},"modified":"2018-09-20T16:03:30","modified_gmt":"2018-09-20T14:03:30","slug":"semaine-3-du-17-au-21-septembre","status":"publish","type":"post","link":"https:\/\/stlumine-stemarie.fr\/?p=3090","title":{"rendered":"Semaine 3 : du 17 au 21 septembre"},"content":{"rendered":"<p><span style=\"font-size: x-large\">On a vu le pr\u00eatre africain. (le vicaire du Rwanda).<\/span><\/p>\n<p><span style=\"font-size: x-large\"> C\u2019\u00e9tait lundi. <a href=\"https:\/\/stlumine-stemarie.fr\/wp-content\/uploads\/2018\/09\/P_20180917_160548.jpg\"><img loading=\"lazy\" decoding=\"async\" class=\"alignnone size-medium wp-image-3085\" src=\"https:\/\/stlumine-stemarie.fr\/wp-content\/uploads\/2018\/09\/P_20180917_160548-169x300.jpg\" alt=\"\" width=\"169\" height=\"300\" srcset=\"https:\/\/stlumine-stemarie.fr\/wp-content\/uploads\/2018\/09\/P_20180917_160548-169x300.jpg 169w, https:\/\/stlumine-stemarie.fr\/wp-content\/uploads\/2018\/09\/P_20180917_160548-768x1365.jpg 768w, https:\/\/stlumine-stemarie.fr\/wp-content\/uploads\/2018\/09\/P_20180917_160548-576x1024.jpg 576w, https:\/\/stlumine-stemarie.fr\/wp-content\/uploads\/2018\/09\/P_20180917_160548.jpg 1152w\" sizes=\"auto, (max-width: 169px) 100vw, 169px\" \/><\/a><\/span><\/p>\n<p><span style=\"font-size: x-large\">On a appris la chanson du matin, elle sert \u00e0 nous r\u00e9veiller. Il y a avait trois enfants qui ont fait la chanson sur l\u2019estrade.<a href=\"https:\/\/stlumine-stemarie.fr\/wp-content\/uploads\/2018\/09\/th.jpg\"><img loading=\"lazy\" decoding=\"async\" class=\"alignnone size-medium wp-image-3089\" src=\"https:\/\/stlumine-stemarie.fr\/wp-content\/uploads\/2018\/09\/th-300x124.jpg\" alt=\"\" width=\"300\" height=\"124\" srcset=\"https:\/\/stlumine-stemarie.fr\/wp-content\/uploads\/2018\/09\/th-300x124.jpg 300w, https:\/\/stlumine-stemarie.fr\/wp-content\/uploads\/2018\/09\/th.jpg 408w\" sizes=\"auto, (max-width: 300px) 100vw, 300px\" \/><\/a><\/span><\/p>\n<p>&nbsp;<\/p>\n<p><span style=\"font-size: x-large\">Nous avons commenc\u00e9 \u00e0 lire le livre de RAFARA.<\/span><\/p>\n<p><a href=\"https:\/\/stlumine-stemarie.fr\/wp-content\/uploads\/2018\/09\/rafara.jpg\"><img loading=\"lazy\" decoding=\"async\" class=\"alignnone size-full wp-image-3086\" src=\"https:\/\/stlumine-stemarie.fr\/wp-content\/uploads\/2018\/09\/rafara.jpg\" alt=\"\" width=\"253\" height=\"199\" \/><\/a><\/p>\n<p><span style=\"font-size: x-large\">On a fait des math\u00e9matiques. On a continuer Litchi\u00a0. On a appris les dizaines et les unit\u00e9s. <\/span><\/p>\n<p><a href=\"https:\/\/stlumine-stemarie.fr\/wp-content\/uploads\/2018\/09\/litcvhi.jpg\"><img loading=\"lazy\" decoding=\"async\" class=\"alignnone size-full wp-image-3084\" src=\"https:\/\/stlumine-stemarie.fr\/wp-content\/uploads\/2018\/09\/litcvhi.jpg\" alt=\"\" width=\"192\" height=\"263\" \/><\/a><\/p>\n<p><span style=\"font-size: x-large\">On a appris le son b.<\/span><\/p>\n<p><a href=\"https:\/\/stlumine-stemarie.fr\/wp-content\/uploads\/2018\/09\/t\u00e9l\u00e9charg\u00e9.png\"><img loading=\"lazy\" decoding=\"async\" class=\"alignnone size-full wp-image-3088\" src=\"https:\/\/stlumine-stemarie.fr\/wp-content\/uploads\/2018\/09\/t\u00e9l\u00e9charg\u00e9.png\" alt=\"\" width=\"276\" height=\"183\" srcset=\"https:\/\/stlumine-stemarie.fr\/wp-content\/uploads\/2018\/09\/t\u00e9l\u00e9charg\u00e9.png 276w, https:\/\/stlumine-stemarie.fr\/wp-content\/uploads\/2018\/09\/t\u00e9l\u00e9charg\u00e9-240x160.png 240w\" sizes=\"auto, (max-width: 276px) 100vw, 276px\" \/><\/a><\/p>\n<p><span style=\"font-size: x-large\">On a fait beaucoup de fran\u00e7ais cette semaine. Nous avons fait les \u00e9valuations comme tous les enfants de CE1 de France.<\/span><\/p>\n<p><a href=\"https:\/\/stlumine-stemarie.fr\/wp-content\/uploads\/2018\/09\/\u00e9valuation.jpg\"><img loading=\"lazy\" decoding=\"async\" class=\"alignnone size-full wp-image-3083\" src=\"https:\/\/stlumine-stemarie.fr\/wp-content\/uploads\/2018\/09\/\u00e9valuation.jpg\" alt=\"\" width=\"259\" height=\"194\" srcset=\"https:\/\/stlumine-stemarie.fr\/wp-content\/uploads\/2018\/09\/\u00e9valuation.jpg 259w, https:\/\/stlumine-stemarie.fr\/wp-content\/uploads\/2018\/09\/\u00e9valuation-240x180.jpg 240w\" sizes=\"auto, (max-width: 259px) 100vw, 259px\" \/><\/a><\/p>\n<p><span style=\"font-size: x-large\">On a appris les lettres de l\u2019alphabet. On a appris \u00e0 ranger les mots dans l\u2019ordre alphab\u00e9tique. <\/span><\/p>\n<p><span style=\"font-size: x-large\">Dans les rituels on a appris \u00e0 \u00e9crire onzi\u00e8me, douzi\u00e8me, treizi\u00e8me, il faut juste rajouter le -i\u00e8me \u00e0 la fin du nombre. <\/span><\/p>\n<p><span style=\"font-size: x-large\">On fait du sport tous les mardis et jeudis. On a appris \u00e0 faire des relais et on a fait des \u00e9quipes par trois.<a href=\"https:\/\/stlumine-stemarie.fr\/wp-content\/uploads\/2018\/09\/relais.jpg\"><img loading=\"lazy\" decoding=\"async\" class=\"alignnone size-full wp-image-3087\" src=\"https:\/\/stlumine-stemarie.fr\/wp-content\/uploads\/2018\/09\/relais.jpg\" alt=\"\" width=\"279\" height=\"181\" \/><\/a><\/span><\/p>\n<p>&nbsp;<\/p>\n<p>\u00e0 bient\u00f4t pour de nouvelles aventures en CE1<\/p>\n<p>&nbsp;<\/p>\n","protected":false},"excerpt":{"rendered":"<p>On a vu le pr\u00eatre africain. (le vicaire du Rwanda). C\u2019\u00e9tait lundi. On a appris la chanson du matin, elle sert \u00e0 nous r\u00e9veiller. Il y a avait trois enfants qui ont fait la chanson sur l\u2019estrade. &nbsp; Nous avons commenc\u00e9 \u00e0 lire le livre de RAFARA. On a fait des math\u00e9matiques. On a continuer<\/p>\n<p><a href=\"https:\/\/stlumine-stemarie.fr\/?p=3090\" class=\"more-link themebutton\">Read More<\/a><\/p>\n","protected":false},"author":13,"featured_media":0,"comment_status":"closed","ping_status":"closed","sticky":false,"template":"","format":"standard","meta":{"ngg_post_thumbnail":0,"footnotes":""},"categories":[30],"tags":[],"class_list":["post-3090","post","type-post","status-publish","format-standard","hentry","category-annee-2017-2018"],"_links":{"self":[{"href":"https:\/\/stlumine-stemarie.fr\/index.php?rest_route=\/wp\/v2\/posts\/3090","targetHints":{"allow":["GET"]}}],"collection":[{"href":"https:\/\/stlumine-stemarie.fr\/index.php?rest_route=\/wp\/v2\/posts"}],"about":[{"href":"https:\/\/stlumine-stemarie.fr\/index.php?rest_route=\/wp\/v2\/types\/post"}],"author":[{"embeddable":true,"href":"https:\/\/stlumine-stemarie.fr\/index.php?rest_route=\/wp\/v2\/users\/13"}],"replies":[{"embeddable":true,"href":"https:\/\/stlumine-stemarie.fr\/index.php?rest_route=%2Fwp%2Fv2%2Fcomments&post=3090"}],"version-history":[{"count":1,"href":"https:\/\/stlumine-stemarie.fr\/index.php?rest_route=\/wp\/v2\/posts\/3090\/revisions"}],"predecessor-version":[{"id":3091,"href":"https:\/\/stlumine-stemarie.fr\/index.php?rest_route=\/wp\/v2\/posts\/3090\/revisions\/3091"}],"wp:attachment":[{"href":"https:\/\/stlumine-stemarie.fr\/index.php?rest_route=%2Fwp%2Fv2%2Fmedia&parent=3090"}],"wp:term":[{"taxonomy":"category","embeddable":true,"href":"https:\/\/stlumine-stemarie.fr\/index.php?rest_route=%2Fwp%2Fv2%2Fcategories&post=3090"},{"taxonomy":"post_tag","embeddable":true,"href":"https:\/\/stlumine-stemarie.fr\/index.php?rest_route=%2Fwp%2Fv2%2Ftags&post=3090"}],"curies":[{"name":"wp","href":"https:\/\/api.w.org\/{rel}","templated":true}]}}