{"id":3024,"date":"2018-07-11T14:46:14","date_gmt":"2018-07-11T12:46:14","guid":{"rendered":"https:\/\/stlumine-stemarie.fr\/?p=3024"},"modified":"2018-07-11T14:46:14","modified_gmt":"2018-07-11T12:46:14","slug":"journee-travaux-du-samedi-07-juillet-2018","status":"publish","type":"post","link":"https:\/\/stlumine-stemarie.fr\/?p=3024","title":{"rendered":"Journ\u00e9e travaux du Samedi 07 Juillet 2018"},"content":{"rendered":"<p>Le Samedi 7 Juillet 2018 sous un soleil radieux, a eu lieu la derni\u00e8re matin\u00e9e travaux de l&rsquo;ann\u00e9e scolaire.<\/p>\n<p>Elle a \u00e9t\u00e9 consacr\u00e9e \u00e0 des travaux d&rsquo;entretien courant (plomberie, r\u00e9paration de portes, de volet roulant, embellissement de la cour St Joseph&#8230;), entretien des espaces verts et \u00e0 l&rsquo;am\u00e9nagement de l&rsquo;acc\u00e8s au site Sainte Marie.<\/p>\n<p>Un grand merci \u00e0 tous les b\u00e9n\u00e9voles et aux entreprises DGM, FBM AGRI, SOMATP qui ont apport\u00e9 leur aide.<\/p>\n<p><a href=\"https:\/\/stlumine-stemarie.fr\/wp-content\/uploads\/2018\/07\/journ\u00e9e-travaux-07.07.2018-4.jpg\"><img loading=\"lazy\" decoding=\"async\" class=\"alignnone  wp-image-3032\" src=\"https:\/\/stlumine-stemarie.fr\/wp-content\/uploads\/2018\/07\/journ\u00e9e-travaux-07.07.2018-4-300x270.jpg\" alt=\"\" width=\"254\" height=\"229\" srcset=\"https:\/\/stlumine-stemarie.fr\/wp-content\/uploads\/2018\/07\/journ\u00e9e-travaux-07.07.2018-4-300x270.jpg 300w, https:\/\/stlumine-stemarie.fr\/wp-content\/uploads\/2018\/07\/journ\u00e9e-travaux-07.07.2018-4-768x691.jpg 768w, https:\/\/stlumine-stemarie.fr\/wp-content\/uploads\/2018\/07\/journ\u00e9e-travaux-07.07.2018-4-1024x922.jpg 1024w, https:\/\/stlumine-stemarie.fr\/wp-content\/uploads\/2018\/07\/journ\u00e9e-travaux-07.07.2018-4.jpg 2048w\" sizes=\"auto, (max-width: 254px) 100vw, 254px\" \/><\/a> <a href=\"https:\/\/stlumine-stemarie.fr\/wp-content\/uploads\/2018\/07\/Journ\u00e9e-travaux-07.07.2018-7.jpg\"><img loading=\"lazy\" decoding=\"async\" class=\"alignnone size-medium wp-image-3031\" src=\"https:\/\/stlumine-stemarie.fr\/wp-content\/uploads\/2018\/07\/Journ\u00e9e-travaux-07.07.2018-7-300x225.jpg\" alt=\"\" width=\"300\" height=\"225\" srcset=\"https:\/\/stlumine-stemarie.fr\/wp-content\/uploads\/2018\/07\/Journ\u00e9e-travaux-07.07.2018-7-300x225.jpg 300w, https:\/\/stlumine-stemarie.fr\/wp-content\/uploads\/2018\/07\/Journ\u00e9e-travaux-07.07.2018-7-768x576.jpg 768w, https:\/\/stlumine-stemarie.fr\/wp-content\/uploads\/2018\/07\/Journ\u00e9e-travaux-07.07.2018-7-1024x768.jpg 1024w, https:\/\/stlumine-stemarie.fr\/wp-content\/uploads\/2018\/07\/Journ\u00e9e-travaux-07.07.2018-7-960x720.jpg 960w, https:\/\/stlumine-stemarie.fr\/wp-content\/uploads\/2018\/07\/Journ\u00e9e-travaux-07.07.2018-7-480x360.jpg 480w, https:\/\/stlumine-stemarie.fr\/wp-content\/uploads\/2018\/07\/Journ\u00e9e-travaux-07.07.2018-7-320x240.jpg 320w, https:\/\/stlumine-stemarie.fr\/wp-content\/uploads\/2018\/07\/Journ\u00e9e-travaux-07.07.2018-7-240x180.jpg 240w, https:\/\/stlumine-stemarie.fr\/wp-content\/uploads\/2018\/07\/Journ\u00e9e-travaux-07.07.2018-7.jpg 2048w\" sizes=\"auto, (max-width: 300px) 100vw, 300px\" \/><\/a> <a href=\"https:\/\/stlumine-stemarie.fr\/wp-content\/uploads\/2018\/07\/Journ\u00e9e-travaux-07.07.2018-5.jpg\"><img loading=\"lazy\" decoding=\"async\" class=\"alignnone size-medium wp-image-3030\" src=\"https:\/\/stlumine-stemarie.fr\/wp-content\/uploads\/2018\/07\/Journ\u00e9e-travaux-07.07.2018-5-300x225.jpg\" alt=\"\" width=\"300\" height=\"225\" srcset=\"https:\/\/stlumine-stemarie.fr\/wp-content\/uploads\/2018\/07\/Journ\u00e9e-travaux-07.07.2018-5-300x225.jpg 300w, https:\/\/stlumine-stemarie.fr\/wp-content\/uploads\/2018\/07\/Journ\u00e9e-travaux-07.07.2018-5-768x576.jpg 768w, https:\/\/stlumine-stemarie.fr\/wp-content\/uploads\/2018\/07\/Journ\u00e9e-travaux-07.07.2018-5-1024x768.jpg 1024w, https:\/\/stlumine-stemarie.fr\/wp-content\/uploads\/2018\/07\/Journ\u00e9e-travaux-07.07.2018-5-960x720.jpg 960w, https:\/\/stlumine-stemarie.fr\/wp-content\/uploads\/2018\/07\/Journ\u00e9e-travaux-07.07.2018-5-480x360.jpg 480w, https:\/\/stlumine-stemarie.fr\/wp-content\/uploads\/2018\/07\/Journ\u00e9e-travaux-07.07.2018-5-320x240.jpg 320w, https:\/\/stlumine-stemarie.fr\/wp-content\/uploads\/2018\/07\/Journ\u00e9e-travaux-07.07.2018-5-240x180.jpg 240w, https:\/\/stlumine-stemarie.fr\/wp-content\/uploads\/2018\/07\/Journ\u00e9e-travaux-07.07.2018-5.jpg 2048w\" sizes=\"auto, (max-width: 300px) 100vw, 300px\" \/><\/a> <a href=\"https:\/\/stlumine-stemarie.fr\/wp-content\/uploads\/2018\/07\/Journ\u00e9e-travaux-07.07.2018-3.jpg\"><img loading=\"lazy\" decoding=\"async\" class=\"alignnone  wp-image-3029\" src=\"https:\/\/stlumine-stemarie.fr\/wp-content\/uploads\/2018\/07\/Journ\u00e9e-travaux-07.07.2018-3-225x300.jpg\" alt=\"\" width=\"192\" height=\"255\" srcset=\"https:\/\/stlumine-stemarie.fr\/wp-content\/uploads\/2018\/07\/Journ\u00e9e-travaux-07.07.2018-3-225x300.jpg 225w, https:\/\/stlumine-stemarie.fr\/wp-content\/uploads\/2018\/07\/Journ\u00e9e-travaux-07.07.2018-3.jpg 360w\" sizes=\"auto, (max-width: 192px) 100vw, 192px\" \/><\/a> <a href=\"https:\/\/stlumine-stemarie.fr\/wp-content\/uploads\/2018\/07\/Journ\u00e9e-travaux-07.07.2018-2.jpg\"><img loading=\"lazy\" decoding=\"async\" class=\"alignnone size-medium wp-image-3028\" src=\"https:\/\/stlumine-stemarie.fr\/wp-content\/uploads\/2018\/07\/Journ\u00e9e-travaux-07.07.2018-2-225x300.jpg\" alt=\"\" width=\"225\" height=\"300\" srcset=\"https:\/\/stlumine-stemarie.fr\/wp-content\/uploads\/2018\/07\/Journ\u00e9e-travaux-07.07.2018-2-225x300.jpg 225w, https:\/\/stlumine-stemarie.fr\/wp-content\/uploads\/2018\/07\/Journ\u00e9e-travaux-07.07.2018-2.jpg 360w\" sizes=\"auto, (max-width: 225px) 100vw, 225px\" \/><\/a><\/p>\n<p>&nbsp;<\/p>\n<p>&nbsp;<\/p>\n","protected":false},"excerpt":{"rendered":"<p>Le Samedi 7 Juillet 2018 sous un soleil radieux, a eu lieu la derni\u00e8re matin\u00e9e travaux de l&rsquo;ann\u00e9e scolaire. Elle a \u00e9t\u00e9 consacr\u00e9e \u00e0 des travaux d&rsquo;entretien courant (plomberie, r\u00e9paration de portes, de volet roulant, embellissement de la cour St Joseph&#8230;), entretien des espaces verts et \u00e0 l&rsquo;am\u00e9nagement de l&rsquo;acc\u00e8s au site Sainte Marie. Un<\/p>\n<p><a href=\"https:\/\/stlumine-stemarie.fr\/?p=3024\" class=\"more-link themebutton\">Read More<\/a><\/p>\n","protected":false},"author":11,"featured_media":0,"comment_status":"closed","ping_status":"closed","sticky":false,"template":"","format":"standard","meta":{"ngg_post_thumbnail":0,"footnotes":""},"categories":[17],"tags":[],"class_list":["post-3024","post","type-post","status-publish","format-standard","hentry","category-apel"],"_links":{"self":[{"href":"https:\/\/stlumine-stemarie.fr\/index.php?rest_route=\/wp\/v2\/posts\/3024","targetHints":{"allow":["GET"]}}],"collection":[{"href":"https:\/\/stlumine-stemarie.fr\/index.php?rest_route=\/wp\/v2\/posts"}],"about":[{"href":"https:\/\/stlumine-stemarie.fr\/index.php?rest_route=\/wp\/v2\/types\/post"}],"author":[{"embeddable":true,"href":"https:\/\/stlumine-stemarie.fr\/index.php?rest_route=\/wp\/v2\/users\/11"}],"replies":[{"embeddable":true,"href":"https:\/\/stlumine-stemarie.fr\/index.php?rest_route=%2Fwp%2Fv2%2Fcomments&post=3024"}],"version-history":[{"count":4,"href":"https:\/\/stlumine-stemarie.fr\/index.php?rest_route=\/wp\/v2\/posts\/3024\/revisions"}],"predecessor-version":[{"id":3035,"href":"https:\/\/stlumine-stemarie.fr\/index.php?rest_route=\/wp\/v2\/posts\/3024\/revisions\/3035"}],"wp:attachment":[{"href":"https:\/\/stlumine-stemarie.fr\/index.php?rest_route=%2Fwp%2Fv2%2Fmedia&parent=3024"}],"wp:term":[{"taxonomy":"category","embeddable":true,"href":"https:\/\/stlumine-stemarie.fr\/index.php?rest_route=%2Fwp%2Fv2%2Fcategories&post=3024"},{"taxonomy":"post_tag","embeddable":true,"href":"https:\/\/stlumine-stemarie.fr\/index.php?rest_route=%2Fwp%2Fv2%2Ftags&post=3024"}],"curies":[{"name":"wp","href":"https:\/\/api.w.org\/{rel}","templated":true}]}}