{"id":2847,"date":"2018-06-14T13:50:07","date_gmt":"2018-06-14T11:50:07","guid":{"rendered":"https:\/\/stlumine-stemarie.fr\/?p=2847"},"modified":"2018-06-14T13:50:07","modified_gmt":"2018-06-14T11:50:07","slug":"messe-des-familles-dimanche-17-juin-2018","status":"publish","type":"post","link":"https:\/\/stlumine-stemarie.fr\/?p=2847","title":{"rendered":"MESSE DES FAMILLES DIMANCHE 17 JUIN 2018"},"content":{"rendered":"<p style=\"font-weight: 400\"><strong>L&rsquo;\u00e9quipe des cat\u00e9chistes vous invitent pour la&nbsp;derni\u00e8re messe des familles avant les vacances : l<\/strong><strong>e dimanche 17 juin \u00e0 St Philbert, \u00e0 11h suivie d\u2019un pot de l\u2019amiti\u00e9.<\/strong>&nbsp;<\/p>\n<p style=\"font-weight: 400\">Cette messe est&nbsp;<strong>enti\u00e8rement anim\u00e9e par les jeunes,<\/strong>&nbsp;en passant par les lectures, la musique\u2026<\/p>\n<p style=\"font-weight: 400\">Venez nombreux&nbsp;<strong>pour rendre gr\u00e2ce de cette ann\u00e9e et f\u00eater les vacances \u00e0 venir.<\/strong><\/p>\n<p style=\"font-weight: 400\"><strong>A dimanche !<\/strong><\/p>\n<p style=\"font-weight: 400\"><strong>L&rsquo;\u00e9quipe des cat\u00e9chistes.<\/strong><\/p>\n","protected":false},"excerpt":{"rendered":"<p>L&rsquo;\u00e9quipe des cat\u00e9chistes vous invitent pour la&nbsp;derni\u00e8re messe des familles avant les vacances : le dimanche 17 juin \u00e0 St Philbert, \u00e0 11h suivie d\u2019un pot de l\u2019amiti\u00e9.&nbsp; Cette messe est&nbsp;enti\u00e8rement anim\u00e9e par les jeunes,&nbsp;en passant par les lectures, la musique\u2026 Venez nombreux&nbsp;pour rendre gr\u00e2ce de cette ann\u00e9e et f\u00eater les vacances \u00e0 venir. A<\/p>\n<p><a href=\"https:\/\/stlumine-stemarie.fr\/?p=2847\" class=\"more-link themebutton\">Read More<\/a><\/p>\n","protected":false},"author":11,"featured_media":0,"comment_status":"closed","ping_status":"closed","sticky":false,"template":"","format":"standard","meta":{"ngg_post_thumbnail":0,"footnotes":""},"categories":[17],"tags":[],"class_list":["post-2847","post","type-post","status-publish","format-standard","hentry","category-apel"],"_links":{"self":[{"href":"https:\/\/stlumine-stemarie.fr\/index.php?rest_route=\/wp\/v2\/posts\/2847","targetHints":{"allow":["GET"]}}],"collection":[{"href":"https:\/\/stlumine-stemarie.fr\/index.php?rest_route=\/wp\/v2\/posts"}],"about":[{"href":"https:\/\/stlumine-stemarie.fr\/index.php?rest_route=\/wp\/v2\/types\/post"}],"author":[{"embeddable":true,"href":"https:\/\/stlumine-stemarie.fr\/index.php?rest_route=\/wp\/v2\/users\/11"}],"replies":[{"embeddable":true,"href":"https:\/\/stlumine-stemarie.fr\/index.php?rest_route=%2Fwp%2Fv2%2Fcomments&post=2847"}],"version-history":[{"count":1,"href":"https:\/\/stlumine-stemarie.fr\/index.php?rest_route=\/wp\/v2\/posts\/2847\/revisions"}],"predecessor-version":[{"id":2848,"href":"https:\/\/stlumine-stemarie.fr\/index.php?rest_route=\/wp\/v2\/posts\/2847\/revisions\/2848"}],"wp:attachment":[{"href":"https:\/\/stlumine-stemarie.fr\/index.php?rest_route=%2Fwp%2Fv2%2Fmedia&parent=2847"}],"wp:term":[{"taxonomy":"category","embeddable":true,"href":"https:\/\/stlumine-stemarie.fr\/index.php?rest_route=%2Fwp%2Fv2%2Fcategories&post=2847"},{"taxonomy":"post_tag","embeddable":true,"href":"https:\/\/stlumine-stemarie.fr\/index.php?rest_route=%2Fwp%2Fv2%2Ftags&post=2847"}],"curies":[{"name":"wp","href":"https:\/\/api.w.org\/{rel}","templated":true}]}}