{"id":2800,"date":"2018-05-31T16:05:25","date_gmt":"2018-05-31T14:05:25","guid":{"rendered":"https:\/\/stlumine-stemarie.fr\/?p=2800"},"modified":"2018-05-31T16:05:25","modified_gmt":"2018-05-31T14:05:25","slug":"semaine-du-28-mai-au-1er-juin","status":"publish","type":"post","link":"https:\/\/stlumine-stemarie.fr\/?p=2800","title":{"rendered":"Semaine du 28 mai au 1er juin"},"content":{"rendered":"<p>Lundi nous avons fait le cadeau des f\u00eate des p\u00e8re. (mais il ne faut pas le dire).<\/p>\n<p><a href=\"https:\/\/stlumine-stemarie.fr\/wp-content\/uploads\/2018\/05\/t\u00e9l\u00e9charg\u00e9.jpg\"><img loading=\"lazy\" decoding=\"async\" class=\"alignnone size-full wp-image-2806\" src=\"https:\/\/stlumine-stemarie.fr\/wp-content\/uploads\/2018\/05\/t\u00e9l\u00e9charg\u00e9.jpg\" alt=\"\" width=\"238\" height=\"212\" \/><\/a><\/p>\n<p>On a commenc\u00e9 les \u00ab\u00a0fois\u00a0\u00bb, les multiplications. ( x2 et x3)<\/p>\n<p><a href=\"https:\/\/stlumine-stemarie.fr\/wp-content\/uploads\/2018\/05\/27lttTab7KsvXlZQKjc-02vzA50.png\"><img loading=\"lazy\" decoding=\"async\" class=\"alignnone size-medium wp-image-2805\" src=\"https:\/\/stlumine-stemarie.fr\/wp-content\/uploads\/2018\/05\/27lttTab7KsvXlZQKjc-02vzA50-300x277.png\" alt=\"\" width=\"300\" height=\"277\" srcset=\"https:\/\/stlumine-stemarie.fr\/wp-content\/uploads\/2018\/05\/27lttTab7KsvXlZQKjc-02vzA50-300x277.png 300w, https:\/\/stlumine-stemarie.fr\/wp-content\/uploads\/2018\/05\/27lttTab7KsvXlZQKjc-02vzA50-768x709.png 768w, https:\/\/stlumine-stemarie.fr\/wp-content\/uploads\/2018\/05\/27lttTab7KsvXlZQKjc-02vzA50-1024x945.png 1024w, https:\/\/stlumine-stemarie.fr\/wp-content\/uploads\/2018\/05\/27lttTab7KsvXlZQKjc-02vzA50.png 1733w\" sizes=\"auto, (max-width: 300px) 100vw, 300px\" \/><\/a><\/p>\n<p>Nous avons vu l&#8217;emploi du temps de la classe, mais il a chang\u00e9 depuis le d\u00e9but de l&rsquo;ann\u00e9e.<\/p>\n<p>Mardi nous avons f\u00eat\u00e9 l&rsquo;anniversaire de Laurella, Jehan, Pablo et Kilian.<\/p>\n<p>Jeudi nous avons fait du Handball.<\/p>\n<p>.<a href=\"https:\/\/stlumine-stemarie.fr\/wp-content\/uploads\/2018\/05\/P_20180531_142551.jpg\"><img loading=\"lazy\" decoding=\"async\" class=\"alignnone size-medium wp-image-2803\" src=\"https:\/\/stlumine-stemarie.fr\/wp-content\/uploads\/2018\/05\/P_20180531_142551-300x169.jpg\" alt=\"\" width=\"300\" height=\"169\" srcset=\"https:\/\/stlumine-stemarie.fr\/wp-content\/uploads\/2018\/05\/P_20180531_142551-300x169.jpg 300w, https:\/\/stlumine-stemarie.fr\/wp-content\/uploads\/2018\/05\/P_20180531_142551-768x432.jpg 768w, https:\/\/stlumine-stemarie.fr\/wp-content\/uploads\/2018\/05\/P_20180531_142551-1024x576.jpg 1024w, https:\/\/stlumine-stemarie.fr\/wp-content\/uploads\/2018\/05\/P_20180531_142551.jpg 2048w\" sizes=\"auto, (max-width: 300px) 100vw, 300px\" \/><\/a> <a href=\"https:\/\/stlumine-stemarie.fr\/wp-content\/uploads\/2018\/05\/P_20180531_142601.jpg\"><img loading=\"lazy\" decoding=\"async\" class=\"alignnone size-medium wp-image-2804\" src=\"https:\/\/stlumine-stemarie.fr\/wp-content\/uploads\/2018\/05\/P_20180531_142601-300x169.jpg\" alt=\"\" width=\"300\" height=\"169\" srcset=\"https:\/\/stlumine-stemarie.fr\/wp-content\/uploads\/2018\/05\/P_20180531_142601-300x169.jpg 300w, https:\/\/stlumine-stemarie.fr\/wp-content\/uploads\/2018\/05\/P_20180531_142601-768x432.jpg 768w, https:\/\/stlumine-stemarie.fr\/wp-content\/uploads\/2018\/05\/P_20180531_142601-1024x576.jpg 1024w, https:\/\/stlumine-stemarie.fr\/wp-content\/uploads\/2018\/05\/P_20180531_142601.jpg 2048w\" sizes=\"auto, (max-width: 300px) 100vw, 300px\" \/><\/a><\/p>\n<p>&nbsp;<\/p>\n<p>Vendredi soir d&rsquo;habitude on faisait la cat\u00e9ch\u00e8se mais on a arr\u00eat\u00e9.<\/p>\n<p>Vendredi nous serons pass\u00e9s dans le mois de juin.<\/p>\n<p>Madame DEUX a ajout\u00e9 un moulin \u00e0 vent dans la m\u00e9t\u00e9o (pas de la t\u00e9l\u00e9vision\u00a0 mais celle de la classe). Ca sert \u00e0 savoir s&rsquo;il y a du vent ou pas de vent.<\/p>\n<p>Cette semaine on a \u00e9crit les mots de l&rsquo;\u00e9cole, comme cahier, ma\u00eetresse, \u00e9l\u00e8ves, directeur, \u00e9cole&#8230;<\/p>\n<p><a href=\"https:\/\/stlumine-stemarie.fr\/wp-content\/uploads\/2018\/05\/moulin-a-vent-eolienne-multicolore-20-cm.jpg\"><img loading=\"lazy\" decoding=\"async\" class=\"alignnone size-medium wp-image-2807\" src=\"https:\/\/stlumine-stemarie.fr\/wp-content\/uploads\/2018\/05\/moulin-a-vent-eolienne-multicolore-20-cm-300x300.jpg\" alt=\"\" width=\"300\" height=\"300\" srcset=\"https:\/\/stlumine-stemarie.fr\/wp-content\/uploads\/2018\/05\/moulin-a-vent-eolienne-multicolore-20-cm-300x300.jpg 300w, https:\/\/stlumine-stemarie.fr\/wp-content\/uploads\/2018\/05\/moulin-a-vent-eolienne-multicolore-20-cm-150x150.jpg 150w, https:\/\/stlumine-stemarie.fr\/wp-content\/uploads\/2018\/05\/moulin-a-vent-eolienne-multicolore-20-cm-320x320.jpg 320w, https:\/\/stlumine-stemarie.fr\/wp-content\/uploads\/2018\/05\/moulin-a-vent-eolienne-multicolore-20-cm-240x240.jpg 240w, https:\/\/stlumine-stemarie.fr\/wp-content\/uploads\/2018\/05\/moulin-a-vent-eolienne-multicolore-20-cm.jpg 414w\" sizes=\"auto, (max-width: 300px) 100vw, 300px\" \/><\/a><\/p>\n<p>vendredi, comme tous les vendredis nous ramenons un livre \u00e0 la maison.<\/p>\n<p>a bient\u00f4t pour de nouvelles aventures en CE1.<\/p>\n","protected":false},"excerpt":{"rendered":"<p>Lundi nous avons fait le cadeau des f\u00eate des p\u00e8re. (mais il ne faut pas le dire). On a commenc\u00e9 les \u00ab\u00a0fois\u00a0\u00bb, les multiplications. ( x2 et x3) Nous avons vu l&#8217;emploi du temps de la classe, mais il a chang\u00e9 depuis le d\u00e9but de l&rsquo;ann\u00e9e. Mardi nous avons f\u00eat\u00e9 l&rsquo;anniversaire de Laurella, Jehan, Pablo<\/p>\n<p><a href=\"https:\/\/stlumine-stemarie.fr\/?p=2800\" class=\"more-link themebutton\">Read More<\/a><\/p>\n","protected":false},"author":13,"featured_media":0,"comment_status":"closed","ping_status":"closed","sticky":false,"template":"","format":"standard","meta":{"ngg_post_thumbnail":0,"footnotes":""},"categories":[36],"tags":[],"class_list":["post-2800","post","type-post","status-publish","format-standard","hentry","category-ce1-2017-18"],"_links":{"self":[{"href":"https:\/\/stlumine-stemarie.fr\/index.php?rest_route=\/wp\/v2\/posts\/2800","targetHints":{"allow":["GET"]}}],"collection":[{"href":"https:\/\/stlumine-stemarie.fr\/index.php?rest_route=\/wp\/v2\/posts"}],"about":[{"href":"https:\/\/stlumine-stemarie.fr\/index.php?rest_route=\/wp\/v2\/types\/post"}],"author":[{"embeddable":true,"href":"https:\/\/stlumine-stemarie.fr\/index.php?rest_route=\/wp\/v2\/users\/13"}],"replies":[{"embeddable":true,"href":"https:\/\/stlumine-stemarie.fr\/index.php?rest_route=%2Fwp%2Fv2%2Fcomments&post=2800"}],"version-history":[{"count":1,"href":"https:\/\/stlumine-stemarie.fr\/index.php?rest_route=\/wp\/v2\/posts\/2800\/revisions"}],"predecessor-version":[{"id":2808,"href":"https:\/\/stlumine-stemarie.fr\/index.php?rest_route=\/wp\/v2\/posts\/2800\/revisions\/2808"}],"wp:attachment":[{"href":"https:\/\/stlumine-stemarie.fr\/index.php?rest_route=%2Fwp%2Fv2%2Fmedia&parent=2800"}],"wp:term":[{"taxonomy":"category","embeddable":true,"href":"https:\/\/stlumine-stemarie.fr\/index.php?rest_route=%2Fwp%2Fv2%2Fcategories&post=2800"},{"taxonomy":"post_tag","embeddable":true,"href":"https:\/\/stlumine-stemarie.fr\/index.php?rest_route=%2Fwp%2Fv2%2Ftags&post=2800"}],"curies":[{"name":"wp","href":"https:\/\/api.w.org\/{rel}","templated":true}]}}