{"id":2780,"date":"2018-05-25T15:20:07","date_gmt":"2018-05-25T13:20:07","guid":{"rendered":"https:\/\/stlumine-stemarie.fr\/?p=2780"},"modified":"2018-05-25T15:20:07","modified_gmt":"2018-05-25T13:20:07","slug":"debut-des-echanges-avec-mayotte","status":"publish","type":"post","link":"https:\/\/stlumine-stemarie.fr\/?p=2780","title":{"rendered":"d\u00e9but des \u00e9changes avec Mayotte"},"content":{"rendered":"<p>&nbsp;<\/p>\n<p>Aujourd&rsquo;hui, le travail \u00e0 commenc\u00e9!<a href=\"https:\/\/stlumine-stemarie.fr\/wp-content\/uploads\/2018\/05\/20180525_1146141.jpg\"><img loading=\"lazy\" decoding=\"async\" class=\"alignnone  wp-image-2779\" src=\"https:\/\/stlumine-stemarie.fr\/wp-content\/uploads\/2018\/05\/20180525_1146141-300x225.jpg\" alt=\"\" width=\"557\" height=\"418\" srcset=\"https:\/\/stlumine-stemarie.fr\/wp-content\/uploads\/2018\/05\/20180525_1146141-300x225.jpg 300w, https:\/\/stlumine-stemarie.fr\/wp-content\/uploads\/2018\/05\/20180525_1146141-768x576.jpg 768w, https:\/\/stlumine-stemarie.fr\/wp-content\/uploads\/2018\/05\/20180525_1146141-1024x768.jpg 1024w, https:\/\/stlumine-stemarie.fr\/wp-content\/uploads\/2018\/05\/20180525_1146141-960x720.jpg 960w, https:\/\/stlumine-stemarie.fr\/wp-content\/uploads\/2018\/05\/20180525_1146141-480x360.jpg 480w, https:\/\/stlumine-stemarie.fr\/wp-content\/uploads\/2018\/05\/20180525_1146141-320x240.jpg 320w, https:\/\/stlumine-stemarie.fr\/wp-content\/uploads\/2018\/05\/20180525_1146141-240x180.jpg 240w, https:\/\/stlumine-stemarie.fr\/wp-content\/uploads\/2018\/05\/20180525_1146141.jpg 2048w\" sizes=\"auto, (max-width: 557px) 100vw, 557px\" \/><\/a><\/p>\n<p>Comme pr\u00e9vu, les CE1 ont commenc\u00e9 les vid\u00e9os \u00e0 destination de Mayotte et de notre petite correspondante C\u00e9line.<\/p>\n<p>&nbsp;<\/p>\n<p>Les \u00e9l\u00e8ves ont pu se pr\u00e9senter devant la cam\u00e9ra de la tablette tenue par notre cam\u00e9ra-woman Elsa!<\/p>\n<p>&nbsp;<\/p>\n<p>Puis les groupes de r\u00e9alisation des futures vid\u00e9os ont \u00e9t\u00e9 fait:<\/p>\n<p>&nbsp;<\/p>\n<p>un groupe pour pr\u00e9senter notre classe de CE1, un groupe pour pr\u00e9senter toutes les classes de l&rsquo;\u00e9cole et les ma\u00eetresses,<\/p>\n<p><a href=\"https:\/\/stlumine-stemarie.fr\/wp-content\/uploads\/2018\/05\/groupe-l\u00e9cole.png\"><img loading=\"lazy\" decoding=\"async\" class=\"alignnone  wp-image-2783\" src=\"https:\/\/stlumine-stemarie.fr\/wp-content\/uploads\/2018\/05\/groupe-l\u00e9cole-300x185.png\" alt=\"\" width=\"451\" height=\"278\" srcset=\"https:\/\/stlumine-stemarie.fr\/wp-content\/uploads\/2018\/05\/groupe-l\u00e9cole-300x185.png 300w, https:\/\/stlumine-stemarie.fr\/wp-content\/uploads\/2018\/05\/groupe-l\u00e9cole-768x473.png 768w, https:\/\/stlumine-stemarie.fr\/wp-content\/uploads\/2018\/05\/groupe-l\u00e9cole.png 993w\" sizes=\"auto, (max-width: 451px) 100vw, 451px\" \/><\/a><\/p>\n<p>&nbsp;<\/p>\n<p>&nbsp;<\/p>\n<p>un groupe pour montrer nos r\u00e9cr\u00e9ations,<\/p>\n<p><a href=\"https:\/\/stlumine-stemarie.fr\/wp-content\/uploads\/2018\/05\/groupe-la-r\u00e9cr\u00e9ation.png\"><img loading=\"lazy\" decoding=\"async\" class=\"alignnone  wp-image-2782\" src=\"https:\/\/stlumine-stemarie.fr\/wp-content\/uploads\/2018\/05\/groupe-la-r\u00e9cr\u00e9ation-300x197.png\" alt=\"\" width=\"487\" height=\"320\" srcset=\"https:\/\/stlumine-stemarie.fr\/wp-content\/uploads\/2018\/05\/groupe-la-r\u00e9cr\u00e9ation-300x197.png 300w, https:\/\/stlumine-stemarie.fr\/wp-content\/uploads\/2018\/05\/groupe-la-r\u00e9cr\u00e9ation-768x504.png 768w, https:\/\/stlumine-stemarie.fr\/wp-content\/uploads\/2018\/05\/groupe-la-r\u00e9cr\u00e9ation.png 955w\" sizes=\"auto, (max-width: 487px) 100vw, 487px\" \/><\/a><\/p>\n<p>un groupe pour pr\u00e9senter nos rituels du matin<\/p>\n<p><a href=\"https:\/\/stlumine-stemarie.fr\/wp-content\/uploads\/2018\/05\/groupe-rituels.png\"><img loading=\"lazy\" decoding=\"async\" class=\"alignnone  wp-image-2784\" src=\"https:\/\/stlumine-stemarie.fr\/wp-content\/uploads\/2018\/05\/groupe-rituels-300x217.png\" alt=\"\" width=\"440\" height=\"318\" srcset=\"https:\/\/stlumine-stemarie.fr\/wp-content\/uploads\/2018\/05\/groupe-rituels-300x217.png 300w, https:\/\/stlumine-stemarie.fr\/wp-content\/uploads\/2018\/05\/groupe-rituels-768x554.png 768w, https:\/\/stlumine-stemarie.fr\/wp-content\/uploads\/2018\/05\/groupe-rituels.png 820w\" sizes=\"auto, (max-width: 440px) 100vw, 440px\" \/><\/a><\/p>\n<p>, un groupe pour montrer le sport et la pr\u00e9paration de la Kermesse<\/p>\n<p><a href=\"https:\/\/stlumine-stemarie.fr\/wp-content\/uploads\/2018\/05\/groupe-sport.png\"><img loading=\"lazy\" decoding=\"async\" class=\"alignnone  wp-image-2785\" src=\"https:\/\/stlumine-stemarie.fr\/wp-content\/uploads\/2018\/05\/groupe-sport-300x178.png\" alt=\"\" width=\"442\" height=\"262\" srcset=\"https:\/\/stlumine-stemarie.fr\/wp-content\/uploads\/2018\/05\/groupe-sport-300x178.png 300w, https:\/\/stlumine-stemarie.fr\/wp-content\/uploads\/2018\/05\/groupe-sport-768x456.png 768w, https:\/\/stlumine-stemarie.fr\/wp-content\/uploads\/2018\/05\/groupe-sport.png 918w\" sizes=\"auto, (max-width: 442px) 100vw, 442px\" \/><\/a><\/p>\n<p>&nbsp;<\/p>\n<p>et enfin un groupe pour pr\u00e9senter notre temps calme au retour de la cantine!<\/p>\n<p>&nbsp;<\/p>\n<p><a href=\"https:\/\/stlumine-stemarie.fr\/wp-content\/uploads\/2018\/05\/groupe-temps-calme.png\"><img loading=\"lazy\" decoding=\"async\" class=\"alignnone  wp-image-2786\" src=\"https:\/\/stlumine-stemarie.fr\/wp-content\/uploads\/2018\/05\/groupe-temps-calme-300x181.png\" alt=\"\" width=\"469\" height=\"283\" srcset=\"https:\/\/stlumine-stemarie.fr\/wp-content\/uploads\/2018\/05\/groupe-temps-calme-300x181.png 300w, https:\/\/stlumine-stemarie.fr\/wp-content\/uploads\/2018\/05\/groupe-temps-calme-768x462.png 768w, https:\/\/stlumine-stemarie.fr\/wp-content\/uploads\/2018\/05\/groupe-temps-calme-320x192.png 320w, https:\/\/stlumine-stemarie.fr\/wp-content\/uploads\/2018\/05\/groupe-temps-calme-240x144.png 240w, https:\/\/stlumine-stemarie.fr\/wp-content\/uploads\/2018\/05\/groupe-temps-calme.png 980w\" sizes=\"auto, (max-width: 469px) 100vw, 469px\" \/><\/a><\/p>\n<p>Il va maintenant falloir d\u00e9cider de ce que chacun dira pendant la vid\u00e9o et l&rsquo;\u00e9crire!<\/p>\n<p>Nous avons aussi fait de \u00ab\u00a0joyeuses\u00a0\u00bb photos de nous tous ensemble!<\/p>\n<p>&nbsp;<\/p>\n<p>A bient\u00f4t pour de nouvelles aventures!<\/p>\n<p><a href=\"https:\/\/stlumine-stemarie.fr\/wp-content\/uploads\/2018\/05\/20180525_1146471.jpg\"><img loading=\"lazy\" decoding=\"async\" class=\"alignnone  wp-image-2778\" src=\"https:\/\/stlumine-stemarie.fr\/wp-content\/uploads\/2018\/05\/20180525_1146471-300x225.jpg\" alt=\"\" width=\"460\" height=\"345\" srcset=\"https:\/\/stlumine-stemarie.fr\/wp-content\/uploads\/2018\/05\/20180525_1146471-300x225.jpg 300w, https:\/\/stlumine-stemarie.fr\/wp-content\/uploads\/2018\/05\/20180525_1146471-768x576.jpg 768w, https:\/\/stlumine-stemarie.fr\/wp-content\/uploads\/2018\/05\/20180525_1146471-1024x768.jpg 1024w, https:\/\/stlumine-stemarie.fr\/wp-content\/uploads\/2018\/05\/20180525_1146471-960x720.jpg 960w, https:\/\/stlumine-stemarie.fr\/wp-content\/uploads\/2018\/05\/20180525_1146471-480x360.jpg 480w, https:\/\/stlumine-stemarie.fr\/wp-content\/uploads\/2018\/05\/20180525_1146471-320x240.jpg 320w, https:\/\/stlumine-stemarie.fr\/wp-content\/uploads\/2018\/05\/20180525_1146471-240x180.jpg 240w, https:\/\/stlumine-stemarie.fr\/wp-content\/uploads\/2018\/05\/20180525_1146471.jpg 1600w\" sizes=\"auto, (max-width: 460px) 100vw, 460px\" \/><\/a><\/p>\n<p>ps: les vid\u00e9os sont trop lourdes pour le site internet je ne peux malheureusement pas vous les mettre pour l&rsquo;instant!<\/p>\n","protected":false},"excerpt":{"rendered":"<p>&nbsp; Aujourd&rsquo;hui, le travail \u00e0 commenc\u00e9! Comme pr\u00e9vu, les CE1 ont commenc\u00e9 les vid\u00e9os \u00e0 destination de Mayotte et de notre petite correspondante C\u00e9line. &nbsp; Les \u00e9l\u00e8ves ont pu se pr\u00e9senter devant la cam\u00e9ra de la tablette tenue par notre cam\u00e9ra-woman Elsa! &nbsp; Puis les groupes de r\u00e9alisation des futures vid\u00e9os ont \u00e9t\u00e9 fait: &nbsp;<\/p>\n<p><a href=\"https:\/\/stlumine-stemarie.fr\/?p=2780\" class=\"more-link themebutton\">Read More<\/a><\/p>\n","protected":false},"author":13,"featured_media":0,"comment_status":"closed","ping_status":"closed","sticky":false,"template":"","format":"standard","meta":{"ngg_post_thumbnail":0,"footnotes":""},"categories":[36],"tags":[],"class_list":["post-2780","post","type-post","status-publish","format-standard","hentry","category-ce1-2017-18"],"_links":{"self":[{"href":"https:\/\/stlumine-stemarie.fr\/index.php?rest_route=\/wp\/v2\/posts\/2780","targetHints":{"allow":["GET"]}}],"collection":[{"href":"https:\/\/stlumine-stemarie.fr\/index.php?rest_route=\/wp\/v2\/posts"}],"about":[{"href":"https:\/\/stlumine-stemarie.fr\/index.php?rest_route=\/wp\/v2\/types\/post"}],"author":[{"embeddable":true,"href":"https:\/\/stlumine-stemarie.fr\/index.php?rest_route=\/wp\/v2\/users\/13"}],"replies":[{"embeddable":true,"href":"https:\/\/stlumine-stemarie.fr\/index.php?rest_route=%2Fwp%2Fv2%2Fcomments&post=2780"}],"version-history":[{"count":1,"href":"https:\/\/stlumine-stemarie.fr\/index.php?rest_route=\/wp\/v2\/posts\/2780\/revisions"}],"predecessor-version":[{"id":2787,"href":"https:\/\/stlumine-stemarie.fr\/index.php?rest_route=\/wp\/v2\/posts\/2780\/revisions\/2787"}],"wp:attachment":[{"href":"https:\/\/stlumine-stemarie.fr\/index.php?rest_route=%2Fwp%2Fv2%2Fmedia&parent=2780"}],"wp:term":[{"taxonomy":"category","embeddable":true,"href":"https:\/\/stlumine-stemarie.fr\/index.php?rest_route=%2Fwp%2Fv2%2Fcategories&post=2780"},{"taxonomy":"post_tag","embeddable":true,"href":"https:\/\/stlumine-stemarie.fr\/index.php?rest_route=%2Fwp%2Fv2%2Ftags&post=2780"}],"curies":[{"name":"wp","href":"https:\/\/api.w.org\/{rel}","templated":true}]}}