{"id":2695,"date":"2018-04-23T10:05:38","date_gmt":"2018-04-23T08:05:38","guid":{"rendered":"https:\/\/stlumine-stemarie.fr\/?p=2695"},"modified":"2018-04-23T10:05:38","modified_gmt":"2018-04-23T08:05:38","slug":"matinee-travaux-samedi-28-avril-2018","status":"publish","type":"post","link":"https:\/\/stlumine-stemarie.fr\/?p=2695","title":{"rendered":"Matin\u00e9e travaux, samedi 28 avril 2018"},"content":{"rendered":"<p><a href=\"https:\/\/stlumine-stemarie.fr\/wp-content\/uploads\/2018\/04\/construction-area-150275_640.png\"><img loading=\"lazy\" decoding=\"async\" class=\"size-medium wp-image-2696 aligncenter\" src=\"https:\/\/stlumine-stemarie.fr\/wp-content\/uploads\/2018\/04\/construction-area-150275_640-300x278.png\" alt=\"\" width=\"300\" height=\"278\" srcset=\"https:\/\/stlumine-stemarie.fr\/wp-content\/uploads\/2018\/04\/construction-area-150275_640-300x278.png 300w, https:\/\/stlumine-stemarie.fr\/wp-content\/uploads\/2018\/04\/construction-area-150275_640.png 640w\" sizes=\"auto, (max-width: 300px) 100vw, 300px\" \/><\/a><\/p>\n<p>La prochaine matin\u00e9e travaux aura lieu le <strong>Samedi 28 avril 2018 \u00e0 9h00<\/strong>. Rendez-vous fix\u00e9 \u00e0 l&rsquo;\u00e9cole Sainte Marie (portail vert).<\/p>\n<p><em>Tous les b\u00e9n\u00e9voles sont les bienvenus, aucune comp\u00e9tence particuli\u00e8re n&rsquo;est demand\u00e9e.<\/em><\/p>\n<p>Objectifs principaux de cette matin\u00e9e :<\/p>\n<p>&#8211; Travaux d&rsquo;entretien courant :<\/p>\n<ul>\n<li>d\u00e9moussage des toitures et des murs<\/li>\n<li>d\u00e9bouchage du r\u00e9seau EU du pr\u00e9au de Ste Marie<\/li>\n<li>Evacuation des souches et branches (suite aux travaux de f\u00e9vrier)<\/li>\n<\/ul>\n<p>&#8211; Jardin de St Joseph :<\/p>\n<ul>\n<li>Remise en oeuvre du jardin potager<\/li>\n<li>Tonte, \u00e9lagage<\/li>\n<\/ul>\n<p>A la fin de la matin\u00e9e, un verre de l&rsquo;amiti\u00e9 sera servie aux b\u00e9n\u00e9voles.<\/p>\n<p>Nous vous attendons nombreux !<\/p>\n<p>La commission travaux.<\/p>\n","protected":false},"excerpt":{"rendered":"<p>La prochaine matin\u00e9e travaux aura lieu le Samedi 28 avril 2018 \u00e0 9h00. Rendez-vous fix\u00e9 \u00e0 l&rsquo;\u00e9cole Sainte Marie (portail vert). Tous les b\u00e9n\u00e9voles sont les bienvenus, aucune comp\u00e9tence particuli\u00e8re n&rsquo;est demand\u00e9e. Objectifs principaux de cette matin\u00e9e : &#8211; Travaux d&rsquo;entretien courant : d\u00e9moussage des toitures et des murs d\u00e9bouchage du r\u00e9seau EU du pr\u00e9au<\/p>\n<p><a href=\"https:\/\/stlumine-stemarie.fr\/?p=2695\" class=\"more-link themebutton\">Read More<\/a><\/p>\n","protected":false},"author":11,"featured_media":2696,"comment_status":"closed","ping_status":"closed","sticky":false,"template":"","format":"standard","meta":{"ngg_post_thumbnail":0,"footnotes":""},"categories":[17],"tags":[],"class_list":["post-2695","post","type-post","status-publish","format-standard","has-post-thumbnail","hentry","category-apel"],"_links":{"self":[{"href":"https:\/\/stlumine-stemarie.fr\/index.php?rest_route=\/wp\/v2\/posts\/2695","targetHints":{"allow":["GET"]}}],"collection":[{"href":"https:\/\/stlumine-stemarie.fr\/index.php?rest_route=\/wp\/v2\/posts"}],"about":[{"href":"https:\/\/stlumine-stemarie.fr\/index.php?rest_route=\/wp\/v2\/types\/post"}],"author":[{"embeddable":true,"href":"https:\/\/stlumine-stemarie.fr\/index.php?rest_route=\/wp\/v2\/users\/11"}],"replies":[{"embeddable":true,"href":"https:\/\/stlumine-stemarie.fr\/index.php?rest_route=%2Fwp%2Fv2%2Fcomments&post=2695"}],"version-history":[{"count":1,"href":"https:\/\/stlumine-stemarie.fr\/index.php?rest_route=\/wp\/v2\/posts\/2695\/revisions"}],"predecessor-version":[{"id":2697,"href":"https:\/\/stlumine-stemarie.fr\/index.php?rest_route=\/wp\/v2\/posts\/2695\/revisions\/2697"}],"wp:featuredmedia":[{"embeddable":true,"href":"https:\/\/stlumine-stemarie.fr\/index.php?rest_route=\/wp\/v2\/media\/2696"}],"wp:attachment":[{"href":"https:\/\/stlumine-stemarie.fr\/index.php?rest_route=%2Fwp%2Fv2%2Fmedia&parent=2695"}],"wp:term":[{"taxonomy":"category","embeddable":true,"href":"https:\/\/stlumine-stemarie.fr\/index.php?rest_route=%2Fwp%2Fv2%2Fcategories&post=2695"},{"taxonomy":"post_tag","embeddable":true,"href":"https:\/\/stlumine-stemarie.fr\/index.php?rest_route=%2Fwp%2Fv2%2Ftags&post=2695"}],"curies":[{"name":"wp","href":"https:\/\/api.w.org\/{rel}","templated":true}]}}