{"id":2568,"date":"2018-04-11T16:52:25","date_gmt":"2018-04-11T14:52:25","guid":{"rendered":"https:\/\/stlumine-stemarie.fr\/?p=2568"},"modified":"2018-04-11T16:52:25","modified_gmt":"2018-04-11T14:52:25","slug":"samedi-5-mai-2018-spectacle-de-thomas-carabistouille","status":"publish","type":"post","link":"https:\/\/stlumine-stemarie.fr\/?p=2568","title":{"rendered":"Samedi 5 mai 2018 : spectacle de Thomas Carabistouille"},"content":{"rendered":"<div id=\"js_54t\" class=\"_5pbx userContent _3576\">\n<p>Attention \u00e0 vos agendas ! <span class=\"_5mfr _47e3\"><img loading=\"lazy\" decoding=\"async\" class=\"img\" role=\"presentation\" src=\"https:\/\/static.xx.fbcdn.net\/images\/emoji.php\/v9\/fce\/1\/16\/1f600.png\" alt=\"\" width=\"16\" height=\"16\"><\/span><\/p>\n<p>Les associations d&rsquo;assistantes maternelles \u00ab\u00a0La Lumibulle\u00a0\u00bb et \u00ab\u00a0Les Lulubins\u00a0\u00bb nous donne rendez-vous le Samedi 5 Mai \u00e0 10h30 \u00e0 la salle des f\u00eates de Saint Lumine de Coutais pour partager un bon moment avec Thomas Carabistouille !<\/p>\n<p><strong>Attention !!! Ouvert aux enfants de 18 mois \u00e0 5 ans accompagn\u00e9s d&rsquo;un adulte \/ Nombre de places limit\u00e9 \/ Pas de r\u00e9servation possible \/ Participation au chapeau.<\/strong><\/p>\n<p><a href=\"https:\/\/stlumine-stemarie.fr\/wp-content\/uploads\/2018\/04\/affiche-4.jpg\"><img loading=\"lazy\" decoding=\"async\" class=\"size-medium wp-image-2569 aligncenter\" src=\"https:\/\/stlumine-stemarie.fr\/wp-content\/uploads\/2018\/04\/affiche-4-225x300.jpg\" alt=\"\" width=\"225\" height=\"300\" srcset=\"https:\/\/stlumine-stemarie.fr\/wp-content\/uploads\/2018\/04\/affiche-4-225x300.jpg 225w, https:\/\/stlumine-stemarie.fr\/wp-content\/uploads\/2018\/04\/affiche-4-768x1024.jpg 768w, https:\/\/stlumine-stemarie.fr\/wp-content\/uploads\/2018\/04\/affiche-4.jpg 1008w\" sizes=\"auto, (max-width: 225px) 100vw, 225px\" \/><\/a><\/p>\n<\/div>\n","protected":false},"excerpt":{"rendered":"<p>Attention \u00e0 vos agendas ! Les associations d&rsquo;assistantes maternelles \u00ab\u00a0La Lumibulle\u00a0\u00bb et \u00ab\u00a0Les Lulubins\u00a0\u00bb nous donne rendez-vous le Samedi 5 Mai \u00e0 10h30 \u00e0 la salle des f\u00eates de Saint Lumine de Coutais pour partager un bon moment avec Thomas Carabistouille ! Attention !!! Ouvert aux enfants de 18 mois \u00e0 5 ans accompagn\u00e9s d&rsquo;un<\/p>\n<p><a href=\"https:\/\/stlumine-stemarie.fr\/?p=2568\" class=\"more-link themebutton\">Read More<\/a><\/p>\n","protected":false},"author":11,"featured_media":2569,"comment_status":"closed","ping_status":"closed","sticky":false,"template":"","format":"standard","meta":{"ngg_post_thumbnail":0,"footnotes":""},"categories":[17],"tags":[],"class_list":["post-2568","post","type-post","status-publish","format-standard","has-post-thumbnail","hentry","category-apel"],"_links":{"self":[{"href":"https:\/\/stlumine-stemarie.fr\/index.php?rest_route=\/wp\/v2\/posts\/2568","targetHints":{"allow":["GET"]}}],"collection":[{"href":"https:\/\/stlumine-stemarie.fr\/index.php?rest_route=\/wp\/v2\/posts"}],"about":[{"href":"https:\/\/stlumine-stemarie.fr\/index.php?rest_route=\/wp\/v2\/types\/post"}],"author":[{"embeddable":true,"href":"https:\/\/stlumine-stemarie.fr\/index.php?rest_route=\/wp\/v2\/users\/11"}],"replies":[{"embeddable":true,"href":"https:\/\/stlumine-stemarie.fr\/index.php?rest_route=%2Fwp%2Fv2%2Fcomments&post=2568"}],"version-history":[{"count":5,"href":"https:\/\/stlumine-stemarie.fr\/index.php?rest_route=\/wp\/v2\/posts\/2568\/revisions"}],"predecessor-version":[{"id":2574,"href":"https:\/\/stlumine-stemarie.fr\/index.php?rest_route=\/wp\/v2\/posts\/2568\/revisions\/2574"}],"wp:featuredmedia":[{"embeddable":true,"href":"https:\/\/stlumine-stemarie.fr\/index.php?rest_route=\/wp\/v2\/media\/2569"}],"wp:attachment":[{"href":"https:\/\/stlumine-stemarie.fr\/index.php?rest_route=%2Fwp%2Fv2%2Fmedia&parent=2568"}],"wp:term":[{"taxonomy":"category","embeddable":true,"href":"https:\/\/stlumine-stemarie.fr\/index.php?rest_route=%2Fwp%2Fv2%2Fcategories&post=2568"},{"taxonomy":"post_tag","embeddable":true,"href":"https:\/\/stlumine-stemarie.fr\/index.php?rest_route=%2Fwp%2Fv2%2Ftags&post=2568"}],"curies":[{"name":"wp","href":"https:\/\/api.w.org\/{rel}","templated":true}]}}