{"id":2557,"date":"2018-04-09T14:08:43","date_gmt":"2018-04-09T12:08:43","guid":{"rendered":"https:\/\/stlumine-stemarie.fr\/?p=2557"},"modified":"2018-04-09T14:08:43","modified_gmt":"2018-04-09T12:08:43","slug":"visite-de-notre-eveque-au-sein-de-notre-ecole-mardi-10-avril","status":"publish","type":"post","link":"https:\/\/stlumine-stemarie.fr\/?p=2557","title":{"rendered":"Visite de notre \u00e9v\u00eaque au sein de notre \u00e9cole mardi 10 avril"},"content":{"rendered":"<p style=\"font-weight: 400\">Chers parents,<\/p>\n<p>Nous avons la joie d\u2019accueillir sur notre paroisse notre \u00e9v\u00eaque monseigneur Jean Paul James du 4 au 11 avril 2018.<\/p>\n<p>L\u2019objectif de cette visite pastorale pour notre \u00e9v\u00eaque est de rencontrer les personnes de notre paroisse.<\/p>\n<p style=\"font-weight: 400\"><strong>C&rsquo;est pourquoi notre \u00e9v\u00eaque viendra visiter notre \u00e9cole ce mardi et rencontrer les \u00e9l\u00e8ves, professeurs et vous aussi parents.<\/strong><\/p>\n<p style=\"font-weight: 400\"><strong>Nous vous invitons donc mardi \u00e0 16H15 \u00e0 l&rsquo;\u00e9cole St Joseph, pour rencontrer notre \u00e9v\u00eaque avec vos enfants autour d&rsquo;un verre de l&rsquo;amiti\u00e9.<\/strong><\/p>\n","protected":false},"excerpt":{"rendered":"<p>Chers parents, Nous avons la joie d\u2019accueillir sur notre paroisse notre \u00e9v\u00eaque monseigneur Jean Paul James du 4 au 11 avril 2018. L\u2019objectif de cette visite pastorale pour notre \u00e9v\u00eaque est de rencontrer les personnes de notre paroisse. C&rsquo;est pourquoi notre \u00e9v\u00eaque viendra visiter notre \u00e9cole ce mardi et rencontrer les \u00e9l\u00e8ves, professeurs et vous<\/p>\n<p><a href=\"https:\/\/stlumine-stemarie.fr\/?p=2557\" class=\"more-link themebutton\">Read More<\/a><\/p>\n","protected":false},"author":11,"featured_media":0,"comment_status":"closed","ping_status":"closed","sticky":false,"template":"","format":"standard","meta":{"ngg_post_thumbnail":0,"footnotes":""},"categories":[17],"tags":[],"class_list":["post-2557","post","type-post","status-publish","format-standard","hentry","category-apel"],"_links":{"self":[{"href":"https:\/\/stlumine-stemarie.fr\/index.php?rest_route=\/wp\/v2\/posts\/2557","targetHints":{"allow":["GET"]}}],"collection":[{"href":"https:\/\/stlumine-stemarie.fr\/index.php?rest_route=\/wp\/v2\/posts"}],"about":[{"href":"https:\/\/stlumine-stemarie.fr\/index.php?rest_route=\/wp\/v2\/types\/post"}],"author":[{"embeddable":true,"href":"https:\/\/stlumine-stemarie.fr\/index.php?rest_route=\/wp\/v2\/users\/11"}],"replies":[{"embeddable":true,"href":"https:\/\/stlumine-stemarie.fr\/index.php?rest_route=%2Fwp%2Fv2%2Fcomments&post=2557"}],"version-history":[{"count":1,"href":"https:\/\/stlumine-stemarie.fr\/index.php?rest_route=\/wp\/v2\/posts\/2557\/revisions"}],"predecessor-version":[{"id":2558,"href":"https:\/\/stlumine-stemarie.fr\/index.php?rest_route=\/wp\/v2\/posts\/2557\/revisions\/2558"}],"wp:attachment":[{"href":"https:\/\/stlumine-stemarie.fr\/index.php?rest_route=%2Fwp%2Fv2%2Fmedia&parent=2557"}],"wp:term":[{"taxonomy":"category","embeddable":true,"href":"https:\/\/stlumine-stemarie.fr\/index.php?rest_route=%2Fwp%2Fv2%2Fcategories&post=2557"},{"taxonomy":"post_tag","embeddable":true,"href":"https:\/\/stlumine-stemarie.fr\/index.php?rest_route=%2Fwp%2Fv2%2Ftags&post=2557"}],"curies":[{"name":"wp","href":"https:\/\/api.w.org\/{rel}","templated":true}]}}