{"id":2491,"date":"2018-04-04T11:52:47","date_gmt":"2018-04-04T09:52:47","guid":{"rendered":"https:\/\/stlumine-stemarie.fr\/?p=2491"},"modified":"2018-04-05T11:33:53","modified_gmt":"2018-04-05T09:33:53","slug":"carnaval-des-enfants-samedi-7-avril-2018","status":"publish","type":"post","link":"https:\/\/stlumine-stemarie.fr\/?p=2491","title":{"rendered":"CARNAVAL DES ENFANTS, samedi 7 avril 2018"},"content":{"rendered":"<p><span style=\"font-family: Calibri;font-size: medium\">Comme chaque ann\u00e9e, la Mairie et les deux \u00e9coles de St Lumine s&rsquo;associent pour organiser le CARNAVAL DES ENFANTS. Nous vous attendons les petits comme les grands d\u00e9guis\u00e9s :&nbsp;<\/span><span style=\"font-family: Calibri\"><span style=\"font-size: medium\"><b>Le samedi 7 avril \u00e0 10H45 sur la place de l\u2019\u00e9glise&nbsp;<\/b>(d\u00e9part 11h)<b><\/b><\/span><\/span><\/p>\n<p><span style=\"font-family: Calibri;font-size: medium\">Le d\u00e9fil\u00e9 anim\u00e9 par l\u2019Harmonie St Michel sera suivi du l\u00e2cher de ballons. La Mairie cl\u00f4turera la matin\u00e9e par un verre de l\u2019amiti\u00e9.<\/span><\/p>\n<p><span style=\"font-family: Calibri;font-size: medium\"><span style=\"text-decoration: underline\"><strong>Nous aurons besoin de parents munis de gilet jaune afin d\u2019assurer la s\u00e9curit\u00e9 sur le parcours.<\/strong><\/span> (merci de vous faire conna\u00eetre par retour du mail que vous avez re\u00e7u le 3 avril ou de vous pr\u00e9senter avant le d\u00e9part du d\u00e9fil\u00e9)<\/span><i><\/i>&nbsp;<\/p>\n<p><i><span style=\"color: #000000;font-family: Calibri;font-size: medium\">Les enfants seront sous la responsabilit\u00e9 des parents.<\/span><\/i><\/p>\n<p><a href=\"https:\/\/stlumine-stemarie.fr\/wp-content\/uploads\/2018\/03\/Pr\u00e9sentation1-BIS.jpg\"><img loading=\"lazy\" decoding=\"async\" class=\"alignnone size-medium wp-image-2467\" src=\"https:\/\/stlumine-stemarie.fr\/wp-content\/uploads\/2018\/03\/Pr\u00e9sentation1-BIS-225x300.jpg\" alt=\"\" width=\"225\" height=\"300\" srcset=\"https:\/\/stlumine-stemarie.fr\/wp-content\/uploads\/2018\/03\/Pr\u00e9sentation1-BIS-225x300.jpg 225w, https:\/\/stlumine-stemarie.fr\/wp-content\/uploads\/2018\/03\/Pr\u00e9sentation1-BIS-768x1024.jpg 768w, https:\/\/stlumine-stemarie.fr\/wp-content\/uploads\/2018\/03\/Pr\u00e9sentation1-BIS.jpg 1500w\" sizes=\"auto, (max-width: 225px) 100vw, 225px\" \/><\/a><\/p>\n","protected":false},"excerpt":{"rendered":"<p>Comme chaque ann\u00e9e, la Mairie et les deux \u00e9coles de St Lumine s&rsquo;associent pour organiser le CARNAVAL DES ENFANTS. Nous vous attendons les petits comme les grands d\u00e9guis\u00e9s :&nbsp;Le samedi 7 avril \u00e0 10H45 sur la place de l\u2019\u00e9glise&nbsp;(d\u00e9part 11h) Le d\u00e9fil\u00e9 anim\u00e9 par l\u2019Harmonie St Michel sera suivi du l\u00e2cher de ballons. La Mairie<\/p>\n<p><a href=\"https:\/\/stlumine-stemarie.fr\/?p=2491\" class=\"more-link themebutton\">Read More<\/a><\/p>\n","protected":false},"author":11,"featured_media":2467,"comment_status":"closed","ping_status":"closed","sticky":false,"template":"","format":"standard","meta":{"ngg_post_thumbnail":0,"footnotes":""},"categories":[17],"tags":[],"class_list":["post-2491","post","type-post","status-publish","format-standard","has-post-thumbnail","hentry","category-apel"],"_links":{"self":[{"href":"https:\/\/stlumine-stemarie.fr\/index.php?rest_route=\/wp\/v2\/posts\/2491","targetHints":{"allow":["GET"]}}],"collection":[{"href":"https:\/\/stlumine-stemarie.fr\/index.php?rest_route=\/wp\/v2\/posts"}],"about":[{"href":"https:\/\/stlumine-stemarie.fr\/index.php?rest_route=\/wp\/v2\/types\/post"}],"author":[{"embeddable":true,"href":"https:\/\/stlumine-stemarie.fr\/index.php?rest_route=\/wp\/v2\/users\/11"}],"replies":[{"embeddable":true,"href":"https:\/\/stlumine-stemarie.fr\/index.php?rest_route=%2Fwp%2Fv2%2Fcomments&post=2491"}],"version-history":[{"count":6,"href":"https:\/\/stlumine-stemarie.fr\/index.php?rest_route=\/wp\/v2\/posts\/2491\/revisions"}],"predecessor-version":[{"id":2505,"href":"https:\/\/stlumine-stemarie.fr\/index.php?rest_route=\/wp\/v2\/posts\/2491\/revisions\/2505"}],"wp:featuredmedia":[{"embeddable":true,"href":"https:\/\/stlumine-stemarie.fr\/index.php?rest_route=\/wp\/v2\/media\/2467"}],"wp:attachment":[{"href":"https:\/\/stlumine-stemarie.fr\/index.php?rest_route=%2Fwp%2Fv2%2Fmedia&parent=2491"}],"wp:term":[{"taxonomy":"category","embeddable":true,"href":"https:\/\/stlumine-stemarie.fr\/index.php?rest_route=%2Fwp%2Fv2%2Fcategories&post=2491"},{"taxonomy":"post_tag","embeddable":true,"href":"https:\/\/stlumine-stemarie.fr\/index.php?rest_route=%2Fwp%2Fv2%2Ftags&post=2491"}],"curies":[{"name":"wp","href":"https:\/\/api.w.org\/{rel}","templated":true}]}}