{"id":2478,"date":"2018-04-04T11:28:32","date_gmt":"2018-04-04T09:28:32","guid":{"rendered":"https:\/\/stlumine-stemarie.fr\/?p=2478"},"modified":"2018-04-05T10:54:01","modified_gmt":"2018-04-05T08:54:01","slug":"petit-marche-vendredi-20-avril","status":"publish","type":"post","link":"https:\/\/stlumine-stemarie.fr\/?p=2478","title":{"rendered":"PETIT MARCH\u00c9, vendredi 20 avril 2018"},"content":{"rendered":"<div>Comme vous le savez peut-\u00eatre d\u00e9j\u00e0, le <em>Petit March\u00e9<\/em> aura lieu&nbsp;<span style=\"text-decoration: underline\"><b><span style=\"color: #0000ff;text-decoration: underline\">le vendredi 20 Avril 2018 \u00e0 partir de 18h00&nbsp;<\/span><\/b>dans la cour de l&rsquo;\u00e9cole Saint Joseph<\/span>.<\/div>\n<div>Pour vous permettre de pr\u00e9parer vos jardini\u00e8res et vos potagers, vous pouvez t\u00e9l\u00e9charger le bon de commande pour les l\u00e9gumes et fleurs, ainsi que le bon de commande des pizzas r\u00e9alis\u00e9es par les enfants.&nbsp;\u21d2&nbsp;<span style=\"text-decoration: underline\"><em><strong><a href=\"https:\/\/stlumine-stemarie.fr\/wp-content\/uploads\/2018\/04\/Bons-de-commande-Petit-March\u00e9.pdf\">cliquez ici pour le t\u00e9l\u00e9charger.<\/a><\/strong><\/em><\/span><\/div>\n<div>Nous vous proposons une petite nouveaut\u00e9, un kit de t\u00eate \u00e0 herbe \u00e0 personnaliser selon vos envies. Des mod\u00e8les sont en exposition dans les classes de vos enfants.<\/div>\n<div style=\"text-align: left\">&nbsp; &nbsp; &nbsp; &nbsp; &nbsp; &nbsp; &nbsp; &nbsp; &nbsp; &nbsp; &nbsp; &nbsp; &nbsp; &nbsp; &nbsp; &nbsp; &nbsp; &nbsp; &nbsp; &nbsp; &nbsp; &nbsp; &nbsp; &nbsp; &nbsp; &nbsp; &nbsp; &nbsp; &nbsp; &nbsp; &nbsp; &nbsp; &nbsp; &nbsp; &nbsp; &nbsp; &nbsp; &nbsp; &nbsp; &nbsp; &nbsp; &nbsp; &nbsp; &nbsp; &nbsp; &nbsp; &nbsp; &nbsp; &nbsp; &nbsp; &nbsp; &nbsp; &nbsp; &nbsp; &nbsp; &nbsp; &nbsp; &nbsp; &nbsp;<a href=\"https:\/\/stlumine-stemarie.fr\/wp-content\/uploads\/2018\/04\/petit-march\u00e9-1.png\"><img loading=\"lazy\" decoding=\"async\" class=\"alignnone size-full wp-image-2486\" src=\"https:\/\/stlumine-stemarie.fr\/wp-content\/uploads\/2018\/04\/petit-march\u00e9-1.png\" alt=\"\" width=\"155\" height=\"205\"><\/a><\/div>\n<div>&nbsp;<\/div>\n<div>\u21d2&nbsp;Pour mieux satisfaire vos demandes, nous vous demandons de bien vouloir nous faire parvenir vos bons de commandes pour&nbsp;<b><u>le vendredi 13 avril 2018<\/u><\/b>, accompagn\u00e9 du r\u00e8glement correspondant.<\/div>\n<div>Toutes vos commandes seront disponibles le soir du Petit March\u00e9.<\/div>\n<div>&nbsp;<\/div>\n<div>\u21d2 Des g\u00e2teaux seront en vente lors du Petit March\u00e9. Merci aux familles qui souhaitent r\u00e9aliser un g\u00e2teau de le faire savoir par retour du mail que vous avez re\u00e7u le 2 avril.<\/div>\n<div>&nbsp;<\/div>\n<div>En vous remerciant et comptant sur votre collaboration.<\/div>\n<div>L&rsquo;\u00e9quipe OGEC-APEL<\/div>\n","protected":false},"excerpt":{"rendered":"<p>Comme vous le savez peut-\u00eatre d\u00e9j\u00e0, le Petit March\u00e9 aura lieu&nbsp;le vendredi 20 Avril 2018 \u00e0 partir de 18h00&nbsp;dans la cour de l&rsquo;\u00e9cole Saint Joseph. Pour vous permettre de pr\u00e9parer vos jardini\u00e8res et vos potagers, vous pouvez t\u00e9l\u00e9charger le bon de commande pour les l\u00e9gumes et fleurs, ainsi que le bon de commande des pizzas<\/p>\n<p><a href=\"https:\/\/stlumine-stemarie.fr\/?p=2478\" class=\"more-link themebutton\">Read More<\/a><\/p>\n","protected":false},"author":11,"featured_media":2498,"comment_status":"closed","ping_status":"closed","sticky":false,"template":"","format":"standard","meta":{"ngg_post_thumbnail":0,"footnotes":""},"categories":[17],"tags":[],"class_list":["post-2478","post","type-post","status-publish","format-standard","has-post-thumbnail","hentry","category-apel"],"_links":{"self":[{"href":"https:\/\/stlumine-stemarie.fr\/index.php?rest_route=\/wp\/v2\/posts\/2478","targetHints":{"allow":["GET"]}}],"collection":[{"href":"https:\/\/stlumine-stemarie.fr\/index.php?rest_route=\/wp\/v2\/posts"}],"about":[{"href":"https:\/\/stlumine-stemarie.fr\/index.php?rest_route=\/wp\/v2\/types\/post"}],"author":[{"embeddable":true,"href":"https:\/\/stlumine-stemarie.fr\/index.php?rest_route=\/wp\/v2\/users\/11"}],"replies":[{"embeddable":true,"href":"https:\/\/stlumine-stemarie.fr\/index.php?rest_route=%2Fwp%2Fv2%2Fcomments&post=2478"}],"version-history":[{"count":11,"href":"https:\/\/stlumine-stemarie.fr\/index.php?rest_route=\/wp\/v2\/posts\/2478\/revisions"}],"predecessor-version":[{"id":2501,"href":"https:\/\/stlumine-stemarie.fr\/index.php?rest_route=\/wp\/v2\/posts\/2478\/revisions\/2501"}],"wp:featuredmedia":[{"embeddable":true,"href":"https:\/\/stlumine-stemarie.fr\/index.php?rest_route=\/wp\/v2\/media\/2498"}],"wp:attachment":[{"href":"https:\/\/stlumine-stemarie.fr\/index.php?rest_route=%2Fwp%2Fv2%2Fmedia&parent=2478"}],"wp:term":[{"taxonomy":"category","embeddable":true,"href":"https:\/\/stlumine-stemarie.fr\/index.php?rest_route=%2Fwp%2Fv2%2Fcategories&post=2478"},{"taxonomy":"post_tag","embeddable":true,"href":"https:\/\/stlumine-stemarie.fr\/index.php?rest_route=%2Fwp%2Fv2%2Ftags&post=2478"}],"curies":[{"name":"wp","href":"https:\/\/api.w.org\/{rel}","templated":true}]}}