{"id":2418,"date":"2018-03-19T09:33:58","date_gmt":"2018-03-19T08:33:58","guid":{"rendered":"https:\/\/stlumine-stemarie.fr\/?p=2418"},"modified":"2018-03-19T17:32:25","modified_gmt":"2018-03-19T16:32:25","slug":"festival-du-livre","status":"publish","type":"post","link":"https:\/\/stlumine-stemarie.fr\/?p=2418","title":{"rendered":"Festival du livre : 21,23 et 24 mars 2018"},"content":{"rendered":"<p><strong>La vente de livres, c&rsquo;est cette semaine !!!<\/strong><br \/>\nElle aura lieu dans la petite salle derri\u00e8re la mairie aux dates suivantes :<br \/>\n&#8211; mercredi 21 mars de 14h30 \u00e0 18h30<br \/>\n&#8211; vendredi 23 mars de 16h30 \u00e0 18h30<br \/>\n&#8211; samedi 24 mars de 10h00 \u00e0 12h00<\/p>\n<div class=\"text_exposed_show\">\n<p>Petite nouveaut\u00e9 pour cette ann\u00e9e, nous organisons la vente avec \u00ab\u00a0Le Festival du Livre\u00a0\u00bb. Vous aurez ainsi une deuxi\u00e8me chance, si vous ne pouvez pas venir aux horaires des permanences, vous pourrez commander sur le site <strong><a href=\"https:\/\/lefestivaldulivre.com\/\" target=\"_blank\" rel=\"nofollow noopener\">https:\/\/lefestivaldulivre.com\/<\/a><\/strong> pendant la semaine de la vente de notre \u00e9cole.<\/p>\n<p><a href=\"https:\/\/stlumine-stemarie.fr\/wp-content\/uploads\/2018\/03\/vente-de-livres-2018.jpg\"><img loading=\"lazy\" decoding=\"async\" class=\"alignnone size-medium wp-image-2426\" src=\"https:\/\/stlumine-stemarie.fr\/wp-content\/uploads\/2018\/03\/vente-de-livres-2018-300x157.jpg\" alt=\"\" width=\"300\" height=\"157\" srcset=\"https:\/\/stlumine-stemarie.fr\/wp-content\/uploads\/2018\/03\/vente-de-livres-2018-300x157.jpg 300w, https:\/\/stlumine-stemarie.fr\/wp-content\/uploads\/2018\/03\/vente-de-livres-2018-768x402.jpg 768w, https:\/\/stlumine-stemarie.fr\/wp-content\/uploads\/2018\/03\/vente-de-livres-2018-1024x536.jpg 1024w, https:\/\/stlumine-stemarie.fr\/wp-content\/uploads\/2018\/03\/vente-de-livres-2018.jpg 1200w\" sizes=\"auto, (max-width: 300px) 100vw, 300px\" \/><\/a><\/p>\n<\/div>\n","protected":false},"excerpt":{"rendered":"<p>La vente de livres, c&rsquo;est cette semaine !!! Elle aura lieu dans la petite salle derri\u00e8re la mairie aux dates suivantes : &#8211; mercredi 21 mars de 14h30 \u00e0 18h30 &#8211; vendredi 23 mars de 16h30 \u00e0 18h30 &#8211; samedi 24 mars de 10h00 \u00e0 12h00 Petite nouveaut\u00e9 pour cette ann\u00e9e, nous organisons la vente<\/p>\n<p><a href=\"https:\/\/stlumine-stemarie.fr\/?p=2418\" class=\"more-link themebutton\">Read More<\/a><\/p>\n","protected":false},"author":11,"featured_media":2426,"comment_status":"closed","ping_status":"closed","sticky":false,"template":"","format":"standard","meta":{"ngg_post_thumbnail":0,"footnotes":""},"categories":[17],"tags":[],"class_list":["post-2418","post","type-post","status-publish","format-standard","has-post-thumbnail","hentry","category-apel"],"_links":{"self":[{"href":"https:\/\/stlumine-stemarie.fr\/index.php?rest_route=\/wp\/v2\/posts\/2418","targetHints":{"allow":["GET"]}}],"collection":[{"href":"https:\/\/stlumine-stemarie.fr\/index.php?rest_route=\/wp\/v2\/posts"}],"about":[{"href":"https:\/\/stlumine-stemarie.fr\/index.php?rest_route=\/wp\/v2\/types\/post"}],"author":[{"embeddable":true,"href":"https:\/\/stlumine-stemarie.fr\/index.php?rest_route=\/wp\/v2\/users\/11"}],"replies":[{"embeddable":true,"href":"https:\/\/stlumine-stemarie.fr\/index.php?rest_route=%2Fwp%2Fv2%2Fcomments&post=2418"}],"version-history":[{"count":5,"href":"https:\/\/stlumine-stemarie.fr\/index.php?rest_route=\/wp\/v2\/posts\/2418\/revisions"}],"predecessor-version":[{"id":2427,"href":"https:\/\/stlumine-stemarie.fr\/index.php?rest_route=\/wp\/v2\/posts\/2418\/revisions\/2427"}],"wp:featuredmedia":[{"embeddable":true,"href":"https:\/\/stlumine-stemarie.fr\/index.php?rest_route=\/wp\/v2\/media\/2426"}],"wp:attachment":[{"href":"https:\/\/stlumine-stemarie.fr\/index.php?rest_route=%2Fwp%2Fv2%2Fmedia&parent=2418"}],"wp:term":[{"taxonomy":"category","embeddable":true,"href":"https:\/\/stlumine-stemarie.fr\/index.php?rest_route=%2Fwp%2Fv2%2Fcategories&post=2418"},{"taxonomy":"post_tag","embeddable":true,"href":"https:\/\/stlumine-stemarie.fr\/index.php?rest_route=%2Fwp%2Fv2%2Ftags&post=2418"}],"curies":[{"name":"wp","href":"https:\/\/api.w.org\/{rel}","templated":true}]}}