{"id":2390,"date":"2018-03-14T15:27:07","date_gmt":"2018-03-14T14:27:07","guid":{"rendered":"https:\/\/stlumine-stemarie.fr\/?p=2390"},"modified":"2018-03-15T08:12:01","modified_gmt":"2018-03-15T07:12:01","slug":"piriac-le-savoir-vivre-ensemble","status":"publish","type":"post","link":"https:\/\/stlumine-stemarie.fr\/?p=2390","title":{"rendered":"Piriac, le savoir \u00ab\u00a0vivre ensemble\u00a0\u00bb"},"content":{"rendered":"<p><strong>Ca y est le grand d\u00e9part, c\u2019est demain\u2026<\/strong><\/p>\n<p>Voici les derni\u00e8res informations pour la classe de mer :<\/p>\n<ul>\n<li>Le rendez-vous est le jeudi 15 mars 2018 \u00e0 8h00 pr\u00e9cises sur la place de l\u2019\u00e9glise.<\/li>\n<li>Un pique-nique est \u00e0 pr\u00e9voir pour le jeudi midi.<\/li>\n<li>Penser au trousseau sp\u00e9cial classe de mer (sauf PS)<\/li>\n<li>Le gilet jaune<\/li>\n<li>Le retour est pr\u00e9vu le&nbsp; vendredi 16 Mars 2018 vers 18h30 sur la place de l\u2019\u00e9glise. Sauf pour les PS le retour est pr\u00e9vu \u00e0 16h15 dans la classe de Carole le Jeudi 15 Mars 2018 en pr\u00e9sence de Madame Chantal.<\/li>\n<\/ul>\n<p>Quelques petites activit\u00e9s programm\u00e9es lors du s\u00e9jour :<\/p>\n<ul>\n<li>L\u2019Oc\u00e9arium<\/li>\n<li>D\u00e9couverte du Croisic<\/li>\n<li>P\u00eache \u00e0 pied<\/li>\n<li>Parcours sensoriel,<\/li>\n<li>Land art\u2026<\/li>\n<\/ul>\n<p>Bon s\u00e9jour \u00e0 tous et profitez de ce moment de partage .<\/p>\n","protected":false},"excerpt":{"rendered":"<p>Ca y est le grand d\u00e9part, c\u2019est demain\u2026<\/p>\n","protected":false},"author":11,"featured_media":2400,"comment_status":"closed","ping_status":"closed","sticky":false,"template":"","format":"standard","meta":{"ngg_post_thumbnail":0,"footnotes":""},"categories":[17],"tags":[],"class_list":["post-2390","post","type-post","status-publish","format-standard","has-post-thumbnail","hentry","category-apel"],"_links":{"self":[{"href":"https:\/\/stlumine-stemarie.fr\/index.php?rest_route=\/wp\/v2\/posts\/2390","targetHints":{"allow":["GET"]}}],"collection":[{"href":"https:\/\/stlumine-stemarie.fr\/index.php?rest_route=\/wp\/v2\/posts"}],"about":[{"href":"https:\/\/stlumine-stemarie.fr\/index.php?rest_route=\/wp\/v2\/types\/post"}],"author":[{"embeddable":true,"href":"https:\/\/stlumine-stemarie.fr\/index.php?rest_route=\/wp\/v2\/users\/11"}],"replies":[{"embeddable":true,"href":"https:\/\/stlumine-stemarie.fr\/index.php?rest_route=%2Fwp%2Fv2%2Fcomments&post=2390"}],"version-history":[{"count":3,"href":"https:\/\/stlumine-stemarie.fr\/index.php?rest_route=\/wp\/v2\/posts\/2390\/revisions"}],"predecessor-version":[{"id":2393,"href":"https:\/\/stlumine-stemarie.fr\/index.php?rest_route=\/wp\/v2\/posts\/2390\/revisions\/2393"}],"wp:featuredmedia":[{"embeddable":true,"href":"https:\/\/stlumine-stemarie.fr\/index.php?rest_route=\/wp\/v2\/media\/2400"}],"wp:attachment":[{"href":"https:\/\/stlumine-stemarie.fr\/index.php?rest_route=%2Fwp%2Fv2%2Fmedia&parent=2390"}],"wp:term":[{"taxonomy":"category","embeddable":true,"href":"https:\/\/stlumine-stemarie.fr\/index.php?rest_route=%2Fwp%2Fv2%2Fcategories&post=2390"},{"taxonomy":"post_tag","embeddable":true,"href":"https:\/\/stlumine-stemarie.fr\/index.php?rest_route=%2Fwp%2Fv2%2Ftags&post=2390"}],"curies":[{"name":"wp","href":"https:\/\/api.w.org\/{rel}","templated":true}]}}