{"id":2381,"date":"2018-03-14T14:31:16","date_gmt":"2018-03-14T13:31:16","guid":{"rendered":"https:\/\/stlumine-stemarie.fr\/?p=2381"},"modified":"2018-03-14T14:47:45","modified_gmt":"2018-03-14T13:47:45","slug":"matinee-travaux-du-samedi-24-fevrier-2018","status":"publish","type":"post","link":"https:\/\/stlumine-stemarie.fr\/?p=2381","title":{"rendered":"Matin\u00e9e travaux du 24 f\u00e9vrier 2018"},"content":{"rendered":"<p style=\"text-align: center\"><em>L\u2019OGEC et l\u2019APEL organisent des matin\u00e9es travaux, afin de rendre l\u2019\u00e9cole de nos enfants plus agr\u00e9able.<\/em><\/p>\n<p style=\"text-align: center\"><em>Une matin\u00e9e travaux a lieu le premier samedi de chaque p\u00e9riode de vacances.<\/em><\/p>\n<p style=\"text-align: center\"><em>Tous les b\u00e9n\u00e9voles sont les bienvenus, aucune comp\u00e9tence particuli\u00e8re ne vous est demand\u00e9e.<\/em><\/p>\n<p style=\"text-align: center\"><em>A la fin de chaque matin\u00e9e, un verre de l\u2019amiti\u00e9 est servi aux b\u00e9n\u00e9voles.<\/em><\/p>\n<p style=\"text-align: center\"><span style=\"text-decoration: underline\">D\u00e9molition des murs situ\u00e9s derri\u00e8re la classe de Carole<\/span><\/p>\n<p style=\"text-align: center\"><a href=\"https:\/\/stlumine-stemarie.fr\/wp-content\/uploads\/2018\/03\/IMG_18281-1.jpg\"><img loading=\"lazy\" decoding=\"async\" class=\"size-medium wp-image-2386 aligncenter\" src=\"https:\/\/stlumine-stemarie.fr\/wp-content\/uploads\/2018\/03\/IMG_18281-1-300x225.jpg\" alt=\"\" width=\"300\" height=\"225\" srcset=\"https:\/\/stlumine-stemarie.fr\/wp-content\/uploads\/2018\/03\/IMG_18281-1-300x225.jpg 300w, https:\/\/stlumine-stemarie.fr\/wp-content\/uploads\/2018\/03\/IMG_18281-1-768x576.jpg 768w, https:\/\/stlumine-stemarie.fr\/wp-content\/uploads\/2018\/03\/IMG_18281-1.jpg 1024w, https:\/\/stlumine-stemarie.fr\/wp-content\/uploads\/2018\/03\/IMG_18281-1-960x720.jpg 960w, https:\/\/stlumine-stemarie.fr\/wp-content\/uploads\/2018\/03\/IMG_18281-1-480x360.jpg 480w, https:\/\/stlumine-stemarie.fr\/wp-content\/uploads\/2018\/03\/IMG_18281-1-320x240.jpg 320w, https:\/\/stlumine-stemarie.fr\/wp-content\/uploads\/2018\/03\/IMG_18281-1-240x180.jpg 240w\" sizes=\"auto, (max-width: 300px) 100vw, 300px\" \/><\/a><\/p>\n<p style=\"text-align: center\"><em> Merci \u00e0 tous les b\u00e9n\u00e9voles qui participent chaque samedi.<\/em><\/p>\n<p>&nbsp;<\/p>\n","protected":false},"excerpt":{"rendered":"<p>Nos b\u00e9n\u00e9voles ont jou\u00e9s les d\u00e9molisseurs&#8230;<\/p>\n","protected":false},"author":11,"featured_media":2386,"comment_status":"closed","ping_status":"closed","sticky":false,"template":"","format":"standard","meta":{"ngg_post_thumbnail":0,"footnotes":""},"categories":[17],"tags":[],"class_list":["post-2381","post","type-post","status-publish","format-standard","has-post-thumbnail","hentry","category-apel"],"_links":{"self":[{"href":"https:\/\/stlumine-stemarie.fr\/index.php?rest_route=\/wp\/v2\/posts\/2381","targetHints":{"allow":["GET"]}}],"collection":[{"href":"https:\/\/stlumine-stemarie.fr\/index.php?rest_route=\/wp\/v2\/posts"}],"about":[{"href":"https:\/\/stlumine-stemarie.fr\/index.php?rest_route=\/wp\/v2\/types\/post"}],"author":[{"embeddable":true,"href":"https:\/\/stlumine-stemarie.fr\/index.php?rest_route=\/wp\/v2\/users\/11"}],"replies":[{"embeddable":true,"href":"https:\/\/stlumine-stemarie.fr\/index.php?rest_route=%2Fwp%2Fv2%2Fcomments&post=2381"}],"version-history":[{"count":5,"href":"https:\/\/stlumine-stemarie.fr\/index.php?rest_route=\/wp\/v2\/posts\/2381\/revisions"}],"predecessor-version":[{"id":2388,"href":"https:\/\/stlumine-stemarie.fr\/index.php?rest_route=\/wp\/v2\/posts\/2381\/revisions\/2388"}],"wp:featuredmedia":[{"embeddable":true,"href":"https:\/\/stlumine-stemarie.fr\/index.php?rest_route=\/wp\/v2\/media\/2386"}],"wp:attachment":[{"href":"https:\/\/stlumine-stemarie.fr\/index.php?rest_route=%2Fwp%2Fv2%2Fmedia&parent=2381"}],"wp:term":[{"taxonomy":"category","embeddable":true,"href":"https:\/\/stlumine-stemarie.fr\/index.php?rest_route=%2Fwp%2Fv2%2Fcategories&post=2381"},{"taxonomy":"post_tag","embeddable":true,"href":"https:\/\/stlumine-stemarie.fr\/index.php?rest_route=%2Fwp%2Fv2%2Ftags&post=2381"}],"curies":[{"name":"wp","href":"https:\/\/api.w.org\/{rel}","templated":true}]}}