{"id":2057,"date":"2017-12-04T21:43:54","date_gmt":"2017-12-04T20:43:54","guid":{"rendered":"https:\/\/stlumine-stemarie.fr\/?p=2057"},"modified":"2017-12-04T21:43:54","modified_gmt":"2017-12-04T20:43:54","slug":"notre-spectacle-de-chants","status":"publish","type":"post","link":"https:\/\/stlumine-stemarie.fr\/?p=2057","title":{"rendered":"Notre spectacle de chants"},"content":{"rendered":"<p>Depuis le d\u00e9but de l&rsquo;ann\u00e9e, nous chantons \u00e0 la salle municipale avec Pascal. Il nous appris plein de chansons sur le th\u00e8me de la mer. Lors de la derni\u00e8re s\u00e9ance nous avons donn\u00e9 un petit spectacle avec les enfants de Nathalie et Florence. Tous les enfants de l&rsquo;\u00e9cole \u00e9taient l\u00e0, c&rsquo;\u00e9tait tr\u00e8s impressionnant !<\/p>\n<p><a href=\"https:\/\/stlumine-stemarie.fr\/wp-content\/uploads\/2017\/12\/20171128_152224.jpg\"><img loading=\"lazy\" decoding=\"async\" class=\"size-medium wp-image-2058 alignleft\" src=\"https:\/\/stlumine-stemarie.fr\/wp-content\/uploads\/2017\/12\/20171128_152224-300x180.jpg\" alt=\"\" width=\"300\" height=\"180\" srcset=\"https:\/\/stlumine-stemarie.fr\/wp-content\/uploads\/2017\/12\/20171128_152224-300x180.jpg 300w, https:\/\/stlumine-stemarie.fr\/wp-content\/uploads\/2017\/12\/20171128_152224-768x461.jpg 768w, https:\/\/stlumine-stemarie.fr\/wp-content\/uploads\/2017\/12\/20171128_152224-1024x615.jpg 1024w, https:\/\/stlumine-stemarie.fr\/wp-content\/uploads\/2017\/12\/20171128_152224.jpg 2048w\" sizes=\"auto, (max-width: 300px) 100vw, 300px\" \/><\/a> <a href=\"https:\/\/stlumine-stemarie.fr\/wp-content\/uploads\/2017\/12\/20171128_152244.jpg\"><img loading=\"lazy\" decoding=\"async\" class=\"aligncenter size-medium wp-image-2059\" src=\"https:\/\/stlumine-stemarie.fr\/wp-content\/uploads\/2017\/12\/20171128_152244-300x180.jpg\" alt=\"\" width=\"300\" height=\"180\" srcset=\"https:\/\/stlumine-stemarie.fr\/wp-content\/uploads\/2017\/12\/20171128_152244-300x180.jpg 300w, https:\/\/stlumine-stemarie.fr\/wp-content\/uploads\/2017\/12\/20171128_152244-768x461.jpg 768w, https:\/\/stlumine-stemarie.fr\/wp-content\/uploads\/2017\/12\/20171128_152244-1024x615.jpg 1024w, https:\/\/stlumine-stemarie.fr\/wp-content\/uploads\/2017\/12\/20171128_152244.jpg 2048w\" sizes=\"auto, (max-width: 300px) 100vw, 300px\" \/><\/a><\/p>\n","protected":false},"excerpt":{"rendered":"<p>Depuis le d\u00e9but de l&rsquo;ann\u00e9e, nous chantons \u00e0 la salle municipale avec Pascal. Il nous appris plein de chansons sur le th\u00e8me de la mer. Lors de la derni\u00e8re s\u00e9ance nous avons donn\u00e9 un petit spectacle avec les enfants de Nathalie et Florence. Tous les enfants de l&rsquo;\u00e9cole \u00e9taient l\u00e0, c&rsquo;\u00e9tait tr\u00e8s impressionnant !<\/p>\n","protected":false},"author":3,"featured_media":0,"comment_status":"closed","ping_status":"closed","sticky":false,"template":"","format":"standard","meta":{"ngg_post_thumbnail":0,"footnotes":""},"categories":[35],"tags":[],"class_list":["post-2057","post","type-post","status-publish","format-standard","hentry","category-gs-cp-2017-18"],"_links":{"self":[{"href":"https:\/\/stlumine-stemarie.fr\/index.php?rest_route=\/wp\/v2\/posts\/2057","targetHints":{"allow":["GET"]}}],"collection":[{"href":"https:\/\/stlumine-stemarie.fr\/index.php?rest_route=\/wp\/v2\/posts"}],"about":[{"href":"https:\/\/stlumine-stemarie.fr\/index.php?rest_route=\/wp\/v2\/types\/post"}],"author":[{"embeddable":true,"href":"https:\/\/stlumine-stemarie.fr\/index.php?rest_route=\/wp\/v2\/users\/3"}],"replies":[{"embeddable":true,"href":"https:\/\/stlumine-stemarie.fr\/index.php?rest_route=%2Fwp%2Fv2%2Fcomments&post=2057"}],"version-history":[{"count":1,"href":"https:\/\/stlumine-stemarie.fr\/index.php?rest_route=\/wp\/v2\/posts\/2057\/revisions"}],"predecessor-version":[{"id":2060,"href":"https:\/\/stlumine-stemarie.fr\/index.php?rest_route=\/wp\/v2\/posts\/2057\/revisions\/2060"}],"wp:attachment":[{"href":"https:\/\/stlumine-stemarie.fr\/index.php?rest_route=%2Fwp%2Fv2%2Fmedia&parent=2057"}],"wp:term":[{"taxonomy":"category","embeddable":true,"href":"https:\/\/stlumine-stemarie.fr\/index.php?rest_route=%2Fwp%2Fv2%2Fcategories&post=2057"},{"taxonomy":"post_tag","embeddable":true,"href":"https:\/\/stlumine-stemarie.fr\/index.php?rest_route=%2Fwp%2Fv2%2Ftags&post=2057"}],"curies":[{"name":"wp","href":"https:\/\/api.w.org\/{rel}","templated":true}]}}