{"id":2012,"date":"2017-10-19T19:30:39","date_gmt":"2017-10-19T18:30:39","guid":{"rendered":"https:\/\/stlumine-stemarie.fr\/?p=2012"},"modified":"2017-10-20T19:35:28","modified_gmt":"2017-10-20T18:35:28","slug":"semaine-du-16-octobre-au-20-octobre","status":"publish","type":"post","link":"https:\/\/stlumine-stemarie.fr\/?p=2012","title":{"rendered":"semaine du 16 octobre au 20 octobre"},"content":{"rendered":"<p>Semaine num\u00e9ro 7: racont\u00e9e par les CE1:<\/p>\n<p>On a \u00e9t\u00e9 danser et chanter avec Pascal.<\/p>\n<p>On a \u00e9t\u00e9 faire le cross solidaire, avec les CE2, CM1 et CM2 de l\u2019\u00e9cole Sainte Marie et de l\u2019\u00e9cole des jardins de Bellevue. On a pris un go\u00fbter \u00e0 la fin du cross.<\/p>\n<p><a href=\"https:\/\/stlumine-stemarie.fr\/wp-content\/uploads\/2017\/10\/P_20171016_112824.jpg\"><img loading=\"lazy\" decoding=\"async\" class=\"alignnone wp-image-2015\" src=\"https:\/\/stlumine-stemarie.fr\/wp-content\/uploads\/2017\/10\/P_20171016_112824-300x169.jpg\" alt=\"\" height=\"320\" width=\"568\" srcset=\"https:\/\/stlumine-stemarie.fr\/wp-content\/uploads\/2017\/10\/P_20171016_112824-300x169.jpg 300w, https:\/\/stlumine-stemarie.fr\/wp-content\/uploads\/2017\/10\/P_20171016_112824-768x432.jpg 768w, https:\/\/stlumine-stemarie.fr\/wp-content\/uploads\/2017\/10\/P_20171016_112824-1024x576.jpg 1024w, https:\/\/stlumine-stemarie.fr\/wp-content\/uploads\/2017\/10\/P_20171016_112824.jpg 2048w\" sizes=\"auto, (max-width: 568px) 100vw, 568px\" \/><\/a><img loading=\"lazy\" decoding=\"async\" class=\"alignnone wp-image-2013\" src=\"https:\/\/stlumine-stemarie.fr\/wp-content\/uploads\/2017\/10\/P_20171016_093641-300x169.jpg\" alt=\"\" height=\"314\" width=\"557\" srcset=\"https:\/\/stlumine-stemarie.fr\/wp-content\/uploads\/2017\/10\/P_20171016_093641-300x169.jpg 300w, https:\/\/stlumine-stemarie.fr\/wp-content\/uploads\/2017\/10\/P_20171016_093641-768x432.jpg 768w, https:\/\/stlumine-stemarie.fr\/wp-content\/uploads\/2017\/10\/P_20171016_093641-1024x576.jpg 1024w, https:\/\/stlumine-stemarie.fr\/wp-content\/uploads\/2017\/10\/P_20171016_093641.jpg 2048w\" sizes=\"auto, (max-width: 557px) 100vw, 557px\" \/><\/p>\n<p>On a f\u00eat\u00e9 l\u2019anniversaire d\u2019Elsa et Loan. Ils ont eu 7ans. (et on a beaucoup grignot\u00e9 de bonnes choses !!!)<\/p>\n<p><a href=\"https:\/\/stlumine-stemarie.fr\/wp-content\/uploads\/2017\/10\/P_20171017_105331.jpg\"><img loading=\"lazy\" decoding=\"async\" class=\"alignnone wp-image-2021\" src=\"https:\/\/stlumine-stemarie.fr\/wp-content\/uploads\/2017\/10\/P_20171017_105331-300x169.jpg\" alt=\"\" height=\"300\" width=\"533\" srcset=\"https:\/\/stlumine-stemarie.fr\/wp-content\/uploads\/2017\/10\/P_20171017_105331-300x169.jpg 300w, https:\/\/stlumine-stemarie.fr\/wp-content\/uploads\/2017\/10\/P_20171017_105331-768x432.jpg 768w, https:\/\/stlumine-stemarie.fr\/wp-content\/uploads\/2017\/10\/P_20171017_105331-1024x576.jpg 1024w, https:\/\/stlumine-stemarie.fr\/wp-content\/uploads\/2017\/10\/P_20171017_105331.jpg 2048w\" sizes=\"auto, (max-width: 533px) 100vw, 533px\" \/><\/a><\/p>\n<p>Le loup est parti \u00e0 Madagascar.<\/p>\n<p><a href=\"https:\/\/stlumine-stemarie.fr\/wp-content\/uploads\/2017\/10\/article-voyage-Madagascar7-.jpg\"><img loading=\"lazy\" decoding=\"async\" class=\"alignnone wp-image-2023\" src=\"https:\/\/stlumine-stemarie.fr\/wp-content\/uploads\/2017\/10\/article-voyage-Madagascar7--300x142.jpg\" alt=\"\" height=\"185\" width=\"391\" srcset=\"https:\/\/stlumine-stemarie.fr\/wp-content\/uploads\/2017\/10\/article-voyage-Madagascar7--300x142.jpg 300w, https:\/\/stlumine-stemarie.fr\/wp-content\/uploads\/2017\/10\/article-voyage-Madagascar7--768x362.jpg 768w, https:\/\/stlumine-stemarie.fr\/wp-content\/uploads\/2017\/10\/article-voyage-Madagascar7--1024x483.jpg 1024w, https:\/\/stlumine-stemarie.fr\/wp-content\/uploads\/2017\/10\/article-voyage-Madagascar7-.jpg 1464w\" sizes=\"auto, (max-width: 391px) 100vw, 391px\" \/><\/a><\/p>\n<p>On a fait des math\u00e9matiques, on a fait des soustractions, on a utilis\u00e9 le moins.<\/p>\n<p>Le papa de Camille est venu dans notre classe et il a fait gouter des fruits et des boissons. ( de la mangue, du sirop de kiwi (Camille dit c\u2019est trop bon), des pommes avec du sirop d\u2019\u00e9rable, ). Il nous a fait gouter de la p\u00e2te \u00e0 sucre qui nous a transform\u00e9 en schtroumpf (de la langue.) Il nous a fait gouter deux fois du citron. le Premier citron \u00e9tait orange et le deuxi\u00e8me \u00e9tait jaune. C\u2019\u00e9tait un pi\u00e8ge, il avait mis du colorant rouge dedans ! c&rsquo;\u00e9tait trop chouette!<\/p>\n<p><a href=\"https:\/\/stlumine-stemarie.fr\/wp-content\/uploads\/2017\/10\/P_20171016_153759.jpg\"><img loading=\"lazy\" decoding=\"async\" class=\"alignnone wp-image-2017\" src=\"https:\/\/stlumine-stemarie.fr\/wp-content\/uploads\/2017\/10\/P_20171016_153759-300x169.jpg\" alt=\"\" height=\"260\" width=\"462\" srcset=\"https:\/\/stlumine-stemarie.fr\/wp-content\/uploads\/2017\/10\/P_20171016_153759-300x169.jpg 300w, https:\/\/stlumine-stemarie.fr\/wp-content\/uploads\/2017\/10\/P_20171016_153759-768x432.jpg 768w, https:\/\/stlumine-stemarie.fr\/wp-content\/uploads\/2017\/10\/P_20171016_153759-1024x576.jpg 1024w, https:\/\/stlumine-stemarie.fr\/wp-content\/uploads\/2017\/10\/P_20171016_153759.jpg 2048w\" sizes=\"auto, (max-width: 462px) 100vw, 462px\" \/><\/a><img loading=\"lazy\" decoding=\"async\" class=\"alignnone wp-image-2016\" src=\"https:\/\/stlumine-stemarie.fr\/wp-content\/uploads\/2017\/10\/P_20171016_152602-300x169.jpg\" alt=\"\" height=\"269\" width=\"478\" srcset=\"https:\/\/stlumine-stemarie.fr\/wp-content\/uploads\/2017\/10\/P_20171016_152602-300x169.jpg 300w, https:\/\/stlumine-stemarie.fr\/wp-content\/uploads\/2017\/10\/P_20171016_152602-768x432.jpg 768w, https:\/\/stlumine-stemarie.fr\/wp-content\/uploads\/2017\/10\/P_20171016_152602-1024x576.jpg 1024w, https:\/\/stlumine-stemarie.fr\/wp-content\/uploads\/2017\/10\/P_20171016_152602.jpg 2048w\" sizes=\"auto, (max-width: 478px) 100vw, 478px\" \/><a href=\"https:\/\/stlumine-stemarie.fr\/wp-content\/uploads\/2017\/10\/P_20171016_153816.jpg\"><img loading=\"lazy\" decoding=\"async\" class=\"alignnone wp-image-2018\" src=\"https:\/\/stlumine-stemarie.fr\/wp-content\/uploads\/2017\/10\/P_20171016_153816-169x300.jpg\" alt=\"\" height=\"492\" width=\"277\" srcset=\"https:\/\/stlumine-stemarie.fr\/wp-content\/uploads\/2017\/10\/P_20171016_153816-169x300.jpg 169w, https:\/\/stlumine-stemarie.fr\/wp-content\/uploads\/2017\/10\/P_20171016_153816-768x1365.jpg 768w, https:\/\/stlumine-stemarie.fr\/wp-content\/uploads\/2017\/10\/P_20171016_153816-576x1024.jpg 576w, https:\/\/stlumine-stemarie.fr\/wp-content\/uploads\/2017\/10\/P_20171016_153816.jpg 1152w\" sizes=\"auto, (max-width: 277px) 100vw, 277px\" \/><\/a><a href=\"https:\/\/stlumine-stemarie.fr\/wp-content\/uploads\/2017\/10\/P_20171016_155717.jpg\"><img loading=\"lazy\" decoding=\"async\" class=\"alignnone wp-image-2019\" src=\"https:\/\/stlumine-stemarie.fr\/wp-content\/uploads\/2017\/10\/P_20171016_155717-300x169.jpg\" alt=\"\" height=\"296\" width=\"525\" srcset=\"https:\/\/stlumine-stemarie.fr\/wp-content\/uploads\/2017\/10\/P_20171016_155717-300x169.jpg 300w, https:\/\/stlumine-stemarie.fr\/wp-content\/uploads\/2017\/10\/P_20171016_155717-768x432.jpg 768w, https:\/\/stlumine-stemarie.fr\/wp-content\/uploads\/2017\/10\/P_20171016_155717-1024x576.jpg 1024w, https:\/\/stlumine-stemarie.fr\/wp-content\/uploads\/2017\/10\/P_20171016_155717.jpg 2048w\" sizes=\"auto, (max-width: 525px) 100vw, 525px\" \/><\/a><\/p>\n<p><span lang=\"FR\"><span style=\"color: #000000; font-family: Calibri;\">Vendredi nous sommes all\u00e9s \u00e0 l\u2019Eglise pour notre premi\u00e8re c\u00e9l\u00e9bration de l\u2019ann\u00e9e&nbsp;!<\/span><\/span><\/p>\n<p><span lang=\"FR\"><span style=\"color: #000000; font-family: Calibri;\">c\u2019est les vacances&nbsp;! ouf&nbsp;! \u00e0 bient\u00f4t pour de nouvelles aventures en CE1&nbsp;!<\/span><\/span><\/p>\n","protected":false},"excerpt":{"rendered":"<p>Semaine num\u00e9ro 7: racont\u00e9e par les CE1: On a \u00e9t\u00e9 danser et chanter avec Pascal. On a \u00e9t\u00e9 faire le cross solidaire, avec les CE2, CM1 et CM2 de l\u2019\u00e9cole Sainte Marie et de l\u2019\u00e9cole des jardins de Bellevue. On a pris un go\u00fbter \u00e0 la fin du cross. On a f\u00eat\u00e9 l\u2019anniversaire d\u2019Elsa et<\/p>\n<p><a href=\"https:\/\/stlumine-stemarie.fr\/?p=2012\" class=\"more-link themebutton\">Read More<\/a><\/p>\n","protected":false},"author":13,"featured_media":0,"comment_status":"closed","ping_status":"closed","sticky":false,"template":"","format":"standard","meta":{"ngg_post_thumbnail":0,"footnotes":""},"categories":[30,36],"tags":[],"class_list":["post-2012","post","type-post","status-publish","format-standard","hentry","category-annee-2017-2018","category-ce1-2017-18"],"_links":{"self":[{"href":"https:\/\/stlumine-stemarie.fr\/index.php?rest_route=\/wp\/v2\/posts\/2012","targetHints":{"allow":["GET"]}}],"collection":[{"href":"https:\/\/stlumine-stemarie.fr\/index.php?rest_route=\/wp\/v2\/posts"}],"about":[{"href":"https:\/\/stlumine-stemarie.fr\/index.php?rest_route=\/wp\/v2\/types\/post"}],"author":[{"embeddable":true,"href":"https:\/\/stlumine-stemarie.fr\/index.php?rest_route=\/wp\/v2\/users\/13"}],"replies":[{"embeddable":true,"href":"https:\/\/stlumine-stemarie.fr\/index.php?rest_route=%2Fwp%2Fv2%2Fcomments&post=2012"}],"version-history":[{"count":4,"href":"https:\/\/stlumine-stemarie.fr\/index.php?rest_route=\/wp\/v2\/posts\/2012\/revisions"}],"predecessor-version":[{"id":2028,"href":"https:\/\/stlumine-stemarie.fr\/index.php?rest_route=\/wp\/v2\/posts\/2012\/revisions\/2028"}],"wp:attachment":[{"href":"https:\/\/stlumine-stemarie.fr\/index.php?rest_route=%2Fwp%2Fv2%2Fmedia&parent=2012"}],"wp:term":[{"taxonomy":"category","embeddable":true,"href":"https:\/\/stlumine-stemarie.fr\/index.php?rest_route=%2Fwp%2Fv2%2Fcategories&post=2012"},{"taxonomy":"post_tag","embeddable":true,"href":"https:\/\/stlumine-stemarie.fr\/index.php?rest_route=%2Fwp%2Fv2%2Ftags&post=2012"}],"curies":[{"name":"wp","href":"https:\/\/api.w.org\/{rel}","templated":true}]}}