{"id":1807,"date":"2017-09-14T20:03:50","date_gmt":"2017-09-14T19:03:50","guid":{"rendered":"https:\/\/stlumine-stemarie.fr\/?p=1807"},"modified":"2017-09-15T08:28:34","modified_gmt":"2017-09-15T07:28:34","slug":"deuxieme-semaine-decole-du-11-septembre-ou-15-septembre-2017","status":"publish","type":"post","link":"https:\/\/stlumine-stemarie.fr\/?p=1807","title":{"rendered":"Deuxi\u00e8me semaine d\u2019\u00e9cole : du 11 septembre ou 15 septembre 2017:"},"content":{"rendered":"<p><em>Ce sont les enfants qui racontent et qui tapent (en partie pour l\u2019instant):<\/em><\/p>\n<p>Cette semaine, on a appris \u00e0 mesurer les bandes (<em>avec la r\u00e8gle gradu\u00e9e<\/em>). On a appris \u00e0 mettre les additions en colonnes dans notre fichier Litchi.<\/p>\n<p>On a chant\u00e9 avec Pascal (<em>intervenant en musique &amp; avec les CE2<\/em>). <a href=\"https:\/\/stlumine-stemarie.fr\/wp-content\/uploads\/2017\/09\/20170912_152340.jpg\"><img loading=\"lazy\" decoding=\"async\" class=\"alignnone wp-image-1815\" src=\"https:\/\/stlumine-stemarie.fr\/wp-content\/uploads\/2017\/09\/20170912_152340-300x225.jpg\" alt=\"\" width=\"334\" height=\"250\" srcset=\"https:\/\/stlumine-stemarie.fr\/wp-content\/uploads\/2017\/09\/20170912_152340-300x225.jpg 300w, https:\/\/stlumine-stemarie.fr\/wp-content\/uploads\/2017\/09\/20170912_152340-768x576.jpg 768w, https:\/\/stlumine-stemarie.fr\/wp-content\/uploads\/2017\/09\/20170912_152340-1024x768.jpg 1024w, https:\/\/stlumine-stemarie.fr\/wp-content\/uploads\/2017\/09\/20170912_152340.jpg 2048w\" sizes=\"auto, (max-width: 334px) 100vw, 334px\" \/><\/a><br \/>\nC\u2019est la premi\u00e8re fois qu\u2019on a fait du sport. (<em>Les vendredis nous nous rendons dans la salle de sport, notre p\u00e9riode sera orient\u00e9e sur le \u201ccourir vite\u201d).<a href=\"https:\/\/stlumine-stemarie.fr\/wp-content\/uploads\/2017\/09\/20170908_094340.jpg\"><img loading=\"lazy\" decoding=\"async\" class=\"alignnone size-medium wp-image-1808\" src=\"https:\/\/stlumine-stemarie.fr\/wp-content\/uploads\/2017\/09\/20170908_094340-300x225.jpg\" alt=\"\" width=\"300\" height=\"225\" srcset=\"https:\/\/stlumine-stemarie.fr\/wp-content\/uploads\/2017\/09\/20170908_094340-300x225.jpg 300w, https:\/\/stlumine-stemarie.fr\/wp-content\/uploads\/2017\/09\/20170908_094340-768x576.jpg 768w, https:\/\/stlumine-stemarie.fr\/wp-content\/uploads\/2017\/09\/20170908_094340-1024x768.jpg 1024w, https:\/\/stlumine-stemarie.fr\/wp-content\/uploads\/2017\/09\/20170908_094340.jpg 2048w\" sizes=\"auto, (max-width: 300px) 100vw, 300px\" \/><\/a><\/em><\/p>\n<p>Jeudi, on a \u00e9t\u00e9 chez les petits, c&rsquo;\u00e9tait notre premi\u00e8re assembl\u00e9e d&rsquo;\u00e9l\u00e8ves. (<em>un article g\u00e9n\u00e9ral sur le blog sera d\u00e9pos\u00e9 tr\u00e8s bient\u00f4t<\/em>).<\/p>\n<p style=\"text-align: center;\"><a href=\"https:\/\/stlumine-stemarie.fr\/wp-content\/uploads\/2017\/09\/20170914_100627.jpg\"><img loading=\"lazy\" decoding=\"async\" class=\"alignnone size-medium wp-image-1818\" src=\"https:\/\/stlumine-stemarie.fr\/wp-content\/uploads\/2017\/09\/20170914_100627-300x225.jpg\" alt=\"\" width=\"300\" height=\"225\" srcset=\"https:\/\/stlumine-stemarie.fr\/wp-content\/uploads\/2017\/09\/20170914_100627-300x225.jpg 300w, https:\/\/stlumine-stemarie.fr\/wp-content\/uploads\/2017\/09\/20170914_100627-768x576.jpg 768w, https:\/\/stlumine-stemarie.fr\/wp-content\/uploads\/2017\/09\/20170914_100627-1024x768.jpg 1024w, https:\/\/stlumine-stemarie.fr\/wp-content\/uploads\/2017\/09\/20170914_100627.jpg 2048w\" sizes=\"auto, (max-width: 300px) 100vw, 300px\" \/><\/a><a href=\"https:\/\/stlumine-stemarie.fr\/wp-content\/uploads\/2017\/09\/20170914_101259.jpg\"><img loading=\"lazy\" decoding=\"async\" class=\"alignnone size-medium wp-image-1816\" src=\"https:\/\/stlumine-stemarie.fr\/wp-content\/uploads\/2017\/09\/20170914_101259-300x225.jpg\" alt=\"\" width=\"300\" height=\"225\" srcset=\"https:\/\/stlumine-stemarie.fr\/wp-content\/uploads\/2017\/09\/20170914_101259-300x225.jpg 300w, https:\/\/stlumine-stemarie.fr\/wp-content\/uploads\/2017\/09\/20170914_101259-768x576.jpg 768w, https:\/\/stlumine-stemarie.fr\/wp-content\/uploads\/2017\/09\/20170914_101259-1024x768.jpg 1024w, https:\/\/stlumine-stemarie.fr\/wp-content\/uploads\/2017\/09\/20170914_101259.jpg 2048w\" sizes=\"auto, (max-width: 300px) 100vw, 300px\" \/><\/a><\/p>\n<p style=\"text-align: center;\"><em>quelques oublis dans nos d\u00e9couvertes:<\/em><\/p>\n<p style=\"text-align: center;\"><em>-nous avons revu le son \u00ab\u00a0ou\u00a0\u00bb<\/em><\/p>\n<p style=\"text-align: center;\"><em>-nous travaillons sur la phrase<\/em><\/p>\n<p style=\"text-align: center;\"><em>-nous avons donc appris que nous partirons (au mois de mars) en classe de mer tous ensemble, les grands et les plus jeunes ,<\/em><\/p>\n<p style=\"text-align: center;\"><em>-le th\u00e8me d&rsquo;\u00e9cole de notre ann\u00e9e la mer et celui de la classe sera toujours celui du voyage<\/em><\/p>\n<p style=\"text-align: center;\"><em>-notre premi\u00e8re destination avec le loup est Paris! Nous avons pu voir pleins de photographies de cette ville pour bien comprendre ce que le loup nous raconte.<a href=\"https:\/\/stlumine-stemarie.fr\/wp-content\/uploads\/2017\/09\/loups-paris-2.jpg\"><img loading=\"lazy\" decoding=\"async\" class=\"alignnone size-medium wp-image-1821\" src=\"https:\/\/stlumine-stemarie.fr\/wp-content\/uploads\/2017\/09\/loups-paris-2-300x233.jpg\" alt=\"\" width=\"300\" height=\"233\" srcset=\"https:\/\/stlumine-stemarie.fr\/wp-content\/uploads\/2017\/09\/loups-paris-2-300x233.jpg 300w, https:\/\/stlumine-stemarie.fr\/wp-content\/uploads\/2017\/09\/loups-paris-2.jpg 500w\" sizes=\"auto, (max-width: 300px) 100vw, 300px\" \/><\/a> <a href=\"https:\/\/stlumine-stemarie.fr\/wp-content\/uploads\/2017\/09\/loup-paris.jpg\"><img loading=\"lazy\" decoding=\"async\" class=\"alignnone size-medium wp-image-1822\" src=\"https:\/\/stlumine-stemarie.fr\/wp-content\/uploads\/2017\/09\/loup-paris-300x173.jpg\" alt=\"\" width=\"300\" height=\"173\" srcset=\"https:\/\/stlumine-stemarie.fr\/wp-content\/uploads\/2017\/09\/loup-paris-300x173.jpg 300w, https:\/\/stlumine-stemarie.fr\/wp-content\/uploads\/2017\/09\/loup-paris.jpg 500w\" sizes=\"auto, (max-width: 300px) 100vw, 300px\" \/><\/a><\/em><\/p>\n<p style=\"text-align: center;\"><em>-nos sous-mains vont bon train, la peinture au pulv\u00e9risateur plait beaucoup, attention ils arriverons bient\u00f4t dans vos familles !<\/em><\/p>\n<p style=\"text-align: center;\"><em><a href=\"https:\/\/stlumine-stemarie.fr\/wp-content\/uploads\/2017\/09\/20170911_163013.jpg\"><img loading=\"lazy\" decoding=\"async\" class=\"alignnone size-medium wp-image-1810\" src=\"https:\/\/stlumine-stemarie.fr\/wp-content\/uploads\/2017\/09\/20170911_163013-300x225.jpg\" alt=\"\" width=\"300\" height=\"225\" srcset=\"https:\/\/stlumine-stemarie.fr\/wp-content\/uploads\/2017\/09\/20170911_163013-300x225.jpg 300w, https:\/\/stlumine-stemarie.fr\/wp-content\/uploads\/2017\/09\/20170911_163013-768x576.jpg 768w, https:\/\/stlumine-stemarie.fr\/wp-content\/uploads\/2017\/09\/20170911_163013-1024x768.jpg 1024w, https:\/\/stlumine-stemarie.fr\/wp-content\/uploads\/2017\/09\/20170911_163013.jpg 2048w\" sizes=\"auto, (max-width: 300px) 100vw, 300px\" \/><\/a><\/em><a href=\"https:\/\/stlumine-stemarie.fr\/wp-content\/uploads\/2017\/09\/20170911_163028.jpg\"><img loading=\"lazy\" decoding=\"async\" class=\"alignnone size-medium wp-image-1812\" src=\"https:\/\/stlumine-stemarie.fr\/wp-content\/uploads\/2017\/09\/20170911_163028-300x225.jpg\" alt=\"\" width=\"300\" height=\"225\" srcset=\"https:\/\/stlumine-stemarie.fr\/wp-content\/uploads\/2017\/09\/20170911_163028-300x225.jpg 300w, https:\/\/stlumine-stemarie.fr\/wp-content\/uploads\/2017\/09\/20170911_163028-768x576.jpg 768w, https:\/\/stlumine-stemarie.fr\/wp-content\/uploads\/2017\/09\/20170911_163028-1024x768.jpg 1024w, https:\/\/stlumine-stemarie.fr\/wp-content\/uploads\/2017\/09\/20170911_163028.jpg 2048w\" sizes=\"auto, (max-width: 300px) 100vw, 300px\" \/><\/a><\/p>\n<p>&nbsp;<\/p>\n<p>Voil\u00e0 pour notre premi\u00e8re semaine d\u00e9j\u00e0 bien remplie,<\/p>\n<p>&nbsp;<\/p>\n<p><span lang=\"FR\"><span style=\"color: #000000; font-family: Times New Roman;\">la semaine de la ma\u00eetresse&nbsp;: <strong>bonne semaine<\/strong>, le travail avance et les enfants commencent \u00e0 bien prendre leurs marques dans les rituels de la classe et dans les travaux demand\u00e9s. La fatigue commence d\u00e9j\u00e0 \u00e0 se faire sentir et les premiers nez qui coulent arrivent en m\u00eame temps que le changement de temps ! pensez bien aux manteaux pour couvrir tout ce petit monde !<\/span><\/span><\/p>\n<p><span lang=\"FR\"><span style=\"color: #000000; font-family: Times New Roman;\">&nbsp;<\/span><\/span><\/p>\n<p><span lang=\"FR\"><span style=\"color: #000000; font-family: Times New Roman;\">la semaine des \u00e9l\u00e8ves&nbsp; de CE1&nbsp;: bonne semaine aussi, \u00ab\u00a0mais on avait pas envie de se lever le matin\u00a0\u00bb. (on regrette d\u00e9j\u00e0 les vacances on dirait).<\/span><\/span><\/p>\n<p>&nbsp;<\/p>\n<p><span lang=\"FR\"><span style=\"color: #000000; font-family: Times New Roman;\">\u00e0 bient\u00f4t pour de nouvelles aventures en CE1<\/span><\/span><\/p>\n","protected":false},"excerpt":{"rendered":"<p>Ce sont les enfants qui racontent et qui tapent (en partie pour l\u2019instant): Cette semaine, on a appris \u00e0 mesurer les bandes (avec la r\u00e8gle gradu\u00e9e). On a appris \u00e0 mettre les additions en colonnes dans notre fichier Litchi. On a chant\u00e9 avec Pascal (intervenant en musique &amp; avec les CE2). C\u2019est la premi\u00e8re fois<\/p>\n<p><a href=\"https:\/\/stlumine-stemarie.fr\/?p=1807\" class=\"more-link themebutton\">Read More<\/a><\/p>\n","protected":false},"author":13,"featured_media":0,"comment_status":"closed","ping_status":"closed","sticky":false,"template":"","format":"standard","meta":{"ngg_post_thumbnail":0,"footnotes":""},"categories":[30,36],"tags":[],"class_list":["post-1807","post","type-post","status-publish","format-standard","hentry","category-annee-2017-2018","category-ce1-2017-18"],"_links":{"self":[{"href":"https:\/\/stlumine-stemarie.fr\/index.php?rest_route=\/wp\/v2\/posts\/1807","targetHints":{"allow":["GET"]}}],"collection":[{"href":"https:\/\/stlumine-stemarie.fr\/index.php?rest_route=\/wp\/v2\/posts"}],"about":[{"href":"https:\/\/stlumine-stemarie.fr\/index.php?rest_route=\/wp\/v2\/types\/post"}],"author":[{"embeddable":true,"href":"https:\/\/stlumine-stemarie.fr\/index.php?rest_route=\/wp\/v2\/users\/13"}],"replies":[{"embeddable":true,"href":"https:\/\/stlumine-stemarie.fr\/index.php?rest_route=%2Fwp%2Fv2%2Fcomments&post=1807"}],"version-history":[{"count":4,"href":"https:\/\/stlumine-stemarie.fr\/index.php?rest_route=\/wp\/v2\/posts\/1807\/revisions"}],"predecessor-version":[{"id":1856,"href":"https:\/\/stlumine-stemarie.fr\/index.php?rest_route=\/wp\/v2\/posts\/1807\/revisions\/1856"}],"wp:attachment":[{"href":"https:\/\/stlumine-stemarie.fr\/index.php?rest_route=%2Fwp%2Fv2%2Fmedia&parent=1807"}],"wp:term":[{"taxonomy":"category","embeddable":true,"href":"https:\/\/stlumine-stemarie.fr\/index.php?rest_route=%2Fwp%2Fv2%2Fcategories&post=1807"},{"taxonomy":"post_tag","embeddable":true,"href":"https:\/\/stlumine-stemarie.fr\/index.php?rest_route=%2Fwp%2Fv2%2Ftags&post=1807"}],"curies":[{"name":"wp","href":"https:\/\/api.w.org\/{rel}","templated":true}]}}