{"id":1557,"date":"2017-09-07T09:34:55","date_gmt":"2017-09-07T08:34:55","guid":{"rendered":"https:\/\/stlumine-stemarie.fr\/?p=1557"},"modified":"2017-09-15T08:31:56","modified_gmt":"2017-09-15T07:31:56","slug":"bonne-rentree-a-lecole-sainte-marie","status":"publish","type":"post","link":"https:\/\/stlumine-stemarie.fr\/?p=1557","title":{"rendered":"BONNE RENTREE \u00e0 l&rsquo;ECOLE SAINTE- MARIE"},"content":{"rendered":"<p><a href=\"https:\/\/stlumine-stemarie.fr\/wp-content\/uploads\/2017\/09\/logo-ste-marie.jpg\"><img loading=\"lazy\" decoding=\"async\" class=\"alignnone size-medium wp-image-1558\" src=\"https:\/\/stlumine-stemarie.fr\/wp-content\/uploads\/2017\/09\/logo-ste-marie-300x267.jpg\" alt=\"\" width=\"300\" height=\"267\" srcset=\"https:\/\/stlumine-stemarie.fr\/wp-content\/uploads\/2017\/09\/logo-ste-marie-300x267.jpg 300w, https:\/\/stlumine-stemarie.fr\/wp-content\/uploads\/2017\/09\/logo-ste-marie-768x682.jpg 768w, https:\/\/stlumine-stemarie.fr\/wp-content\/uploads\/2017\/09\/logo-ste-marie.jpg 960w\" sizes=\"auto, (max-width: 300px) 100vw, 300px\" \/><\/a><\/p>\n<p>Jeudi 31 Ao\u00fbt 2017, tous les \u00e9l\u00e8ves de l&rsquo;\u00e9cole Sainte- Marie sont entr\u00e9s pour une nouvelle aventure. Quelques t\u00eates nouvelles, cette ann\u00e9e, et nous nous retrouvons \u00e0 147 enfants. Une progression des effectifs bien agr\u00e9able.<\/p>\n<p>De nombreux projets sont au rendez- vous au service, bien- s\u00fbr, des apprentissages et du vivre ensemble!<\/p>\n<p>&nbsp;&nbsp;&nbsp;&nbsp;&nbsp;&nbsp;&nbsp;&nbsp;&nbsp;&nbsp;&nbsp;&nbsp;&nbsp;&nbsp;&nbsp;&nbsp;&nbsp;&nbsp;&nbsp;&nbsp;&nbsp;&nbsp;&nbsp;&nbsp;&nbsp;&nbsp;&nbsp;&nbsp;&nbsp;&nbsp;&nbsp;&nbsp;&nbsp;&nbsp;&nbsp;&nbsp;&nbsp;&nbsp;&nbsp;&nbsp;&nbsp;&nbsp;&nbsp;&nbsp;&nbsp;&nbsp;&nbsp;&nbsp;&nbsp;&nbsp;&nbsp;&nbsp;&nbsp;&nbsp;&nbsp;&nbsp;&nbsp;&nbsp;&nbsp;&nbsp;&nbsp;&nbsp;&nbsp;&nbsp;&nbsp;&nbsp;&nbsp;&nbsp;&nbsp;&nbsp;&nbsp;&nbsp;&nbsp;&nbsp;&nbsp;&nbsp;&nbsp;&nbsp;&nbsp;&nbsp;&nbsp;&nbsp;&nbsp;&nbsp;&nbsp;&nbsp;&nbsp;&nbsp;&nbsp;&nbsp;&nbsp;&nbsp;&nbsp;&nbsp;&nbsp;&nbsp;&nbsp;&nbsp;&nbsp;&nbsp;&nbsp;&nbsp;&nbsp;&nbsp;&nbsp;&nbsp;&nbsp; <a href=\"https:\/\/stlumine-stemarie.fr\/wp-content\/uploads\/2017\/09\/\u00e9cole-Ste-Marie.png\"><img loading=\"lazy\" decoding=\"async\" class=\"alignnone size-full wp-image-1559\" src=\"https:\/\/stlumine-stemarie.fr\/wp-content\/uploads\/2017\/09\/\u00e9cole-Ste-Marie.png\" alt=\"\" width=\"224\" height=\"168\"><\/a><\/p>\n<p>En effet, pour \u00ab Vivre nos diff\u00e9rences et d\u00e9velopper nos richesses \u00bb (projet d\u2019ann\u00e9e), nous privil\u00e9gions deux supports importants :<\/p>\n<p>&#8211; Ecole transplant\u00e9e (tous les enfants de MS au CM2 iront vivre deux jours \u00e0 la \u00ab Rose des Vents \u00bb \u00e0 Piriac, endroit qu\u2019ils connaissent d\u00e9j\u00e0 pour avoir rejoint les CM, l\u2019ann\u00e9e derni\u00e8re lors de leur classe de mer). Les dates pr\u00e9vues sont le 15 et le 16 Mars 2018).<\/p>\n<p>&#8211; Cr\u00e9ation d\u2019une fresque collective<\/p>\n<p>&nbsp;<\/p>\n<p>Deux autres projets se poursuivent ou s\u2019innovent.<\/p>\n<p>&#8211; La piscine : elle commencera le 8 D\u00e9cembre 2017. Nous avons besoin de parents accompagnateurs<\/p>\n<p>&#8211; La biblioth\u00e8que : Cette ann\u00e9e, nous installons, avec enthousiasme, un partenariat avec la biblioth\u00e8que municipale. Celui- ci est particuli\u00e8rement int\u00e9ressant pour promouvoir la lecture, si importante, aupr\u00e8s de nos \u00e9l\u00e8ves. Trois \u00e0 5 rencontres sont d\u00e9j\u00e0 pr\u00e9vues avec des belles activit\u00e9s.<\/p>\n<p>&nbsp;<\/p>\n<p><a href=\"https:\/\/stlumine-stemarie.fr\/wp-content\/uploads\/2017\/09\/piriac-sur-mer.jpg\"><img loading=\"lazy\" decoding=\"async\" class=\"alignnone wp-image-1560\" src=\"https:\/\/stlumine-stemarie.fr\/wp-content\/uploads\/2017\/09\/piriac-sur-mer.jpg\" alt=\"\" width=\"248\" height=\"238\"><\/a>&nbsp;&nbsp;&nbsp;&nbsp;&nbsp;&nbsp;&nbsp;&nbsp;&nbsp;&nbsp;&nbsp;&nbsp;&nbsp;&nbsp;&nbsp;&nbsp;&nbsp;&nbsp;&nbsp;&nbsp;&nbsp;&nbsp;&nbsp;&nbsp;&nbsp;&nbsp;&nbsp;&nbsp;&nbsp;&nbsp;&nbsp;&nbsp;&nbsp;&nbsp;&nbsp;&nbsp;&nbsp;&nbsp;&nbsp;&nbsp;&nbsp;&nbsp;&nbsp;&nbsp;&nbsp;&nbsp;&nbsp;&nbsp;&nbsp;&nbsp;&nbsp;&nbsp;&nbsp;&nbsp;&nbsp;&nbsp;&nbsp;&nbsp;&nbsp;&nbsp;&nbsp;&nbsp;&nbsp;&nbsp;&nbsp;&nbsp;&nbsp;&nbsp;&nbsp;&nbsp;&nbsp;&nbsp;&nbsp;&nbsp;&nbsp;&nbsp;&nbsp;&nbsp;&nbsp;&nbsp;&nbsp;&nbsp;&nbsp;&nbsp;&nbsp;&nbsp;&nbsp;&nbsp;&nbsp;&nbsp;&nbsp;&nbsp;&nbsp;&nbsp;&nbsp;&nbsp;&nbsp;&nbsp;&nbsp;&nbsp;&nbsp;&nbsp;&nbsp;&nbsp;&nbsp;&nbsp;&nbsp;&nbsp;&nbsp;&nbsp;&nbsp;&nbsp;&nbsp;&nbsp; <a href=\"https:\/\/stlumine-stemarie.fr\/wp-content\/uploads\/2017\/09\/tortue.jpg\"><img loading=\"lazy\" decoding=\"async\" class=\"alignnone wp-image-1561\" src=\"https:\/\/stlumine-stemarie.fr\/wp-content\/uploads\/2017\/09\/tortue-300x225.jpg\" alt=\"\" width=\"207\" height=\"155\" srcset=\"https:\/\/stlumine-stemarie.fr\/wp-content\/uploads\/2017\/09\/tortue-300x225.jpg 300w, https:\/\/stlumine-stemarie.fr\/wp-content\/uploads\/2017\/09\/tortue-768x576.jpg 768w, https:\/\/stlumine-stemarie.fr\/wp-content\/uploads\/2017\/09\/tortue-1024x768.jpg 1024w, https:\/\/stlumine-stemarie.fr\/wp-content\/uploads\/2017\/09\/tortue.jpg 2048w\" sizes=\"auto, (max-width: 207px) 100vw, 207px\" \/><\/a><\/p>\n<p>&nbsp;&nbsp;&nbsp;&nbsp;&nbsp;&nbsp;&nbsp;&nbsp;&nbsp;&nbsp;&nbsp;&nbsp;&nbsp;&nbsp;&nbsp;&nbsp;&nbsp;&nbsp;&nbsp;&nbsp;&nbsp;&nbsp;&nbsp;&nbsp;&nbsp;&nbsp;&nbsp;&nbsp;&nbsp;&nbsp;&nbsp;&nbsp;&nbsp;&nbsp;&nbsp;&nbsp;&nbsp;&nbsp;&nbsp;&nbsp;&nbsp;&nbsp;&nbsp;&nbsp;&nbsp;&nbsp;&nbsp;&nbsp;&nbsp;&nbsp;&nbsp;&nbsp;&nbsp;&nbsp;&nbsp;&nbsp;&nbsp;&nbsp;&nbsp;&nbsp;&nbsp;&nbsp;&nbsp;&nbsp;&nbsp;&nbsp;&nbsp;&nbsp;&nbsp;&nbsp;&nbsp;&nbsp;&nbsp;&nbsp;&nbsp;&nbsp;&nbsp;&nbsp;&nbsp;&nbsp;&nbsp;&nbsp;&nbsp;&nbsp;&nbsp;&nbsp;&nbsp;&nbsp;&nbsp;&nbsp;&nbsp;&nbsp;&nbsp;&nbsp;&nbsp;&nbsp;&nbsp;&nbsp;&nbsp;&nbsp;&nbsp;&nbsp;&nbsp;&nbsp;&nbsp;&nbsp;&nbsp;&nbsp;&nbsp;&nbsp;&nbsp;&nbsp;&nbsp;&nbsp;<\/p>\n<p>BONNE RENTREE \u00e0 CHACUN&#8230;.<\/p>\n","protected":false},"excerpt":{"rendered":"<p>Jeudi 31 Ao\u00fbt 2017, tous les \u00e9l\u00e8ves de l&rsquo;\u00e9cole Sainte- Marie sont entr\u00e9s pour une nouvelle aventure. Quelques t\u00eates nouvelles, cette ann\u00e9e, et nous nous retrouvons \u00e0 147 enfants. Une progression des effectifs bien agr\u00e9able. De nombreux projets sont au rendez- vous au service, bien- s\u00fbr, des apprentissages et du vivre ensemble! &nbsp;&nbsp;&nbsp;&nbsp;&nbsp;&nbsp;&nbsp;&nbsp;&nbsp;&nbsp;&nbsp;&nbsp;&nbsp;&nbsp;&nbsp;&nbsp;&nbsp;&nbsp;&nbsp;&nbsp;&nbsp;&nbsp;&nbsp;&nbsp;&nbsp;&nbsp;&nbsp;&nbsp;&nbsp;&nbsp;&nbsp;&nbsp;&nbsp;&nbsp;&nbsp;&nbsp;&nbsp;&nbsp;&nbsp;&nbsp;&nbsp;&nbsp;&nbsp;&nbsp;&nbsp;&nbsp;&nbsp;&nbsp;&nbsp;&nbsp;&nbsp;&nbsp;&nbsp;&nbsp;&nbsp;&nbsp;&nbsp;&nbsp;&nbsp;&nbsp;&nbsp;&nbsp;&nbsp;&nbsp;&nbsp;&nbsp;&nbsp;&nbsp;&nbsp;&nbsp;&nbsp;&nbsp;&nbsp;&nbsp;&nbsp;&nbsp;&nbsp;&nbsp;&nbsp;&nbsp;&nbsp;&nbsp;&nbsp;&nbsp;&nbsp;&nbsp;&nbsp;&nbsp;&nbsp;&nbsp;&nbsp;&nbsp;&nbsp;&nbsp;&nbsp;&nbsp;&nbsp;&nbsp;&nbsp;&nbsp;&nbsp;&nbsp;&nbsp;&nbsp;&nbsp;&nbsp;&nbsp; En effet,<\/p>\n<p><a href=\"https:\/\/stlumine-stemarie.fr\/?p=1557\" class=\"more-link themebutton\">Read More<\/a><\/p>\n","protected":false},"author":2,"featured_media":0,"comment_status":"closed","ping_status":"closed","sticky":false,"template":"","format":"standard","meta":{"ngg_post_thumbnail":0,"footnotes":""},"categories":[30,36,37,38,35,34,33],"tags":[],"class_list":["post-1557","post","type-post","status-publish","format-standard","hentry","category-annee-2017-2018","category-ce1-2017-18","category-ce2-cm1-2017-18","category-cm1-cm2-2017-18","category-gs-cp-2017-18","category-ms-gs-2017-18","category-ps-2017-18"],"_links":{"self":[{"href":"https:\/\/stlumine-stemarie.fr\/index.php?rest_route=\/wp\/v2\/posts\/1557","targetHints":{"allow":["GET"]}}],"collection":[{"href":"https:\/\/stlumine-stemarie.fr\/index.php?rest_route=\/wp\/v2\/posts"}],"about":[{"href":"https:\/\/stlumine-stemarie.fr\/index.php?rest_route=\/wp\/v2\/types\/post"}],"author":[{"embeddable":true,"href":"https:\/\/stlumine-stemarie.fr\/index.php?rest_route=\/wp\/v2\/users\/2"}],"replies":[{"embeddable":true,"href":"https:\/\/stlumine-stemarie.fr\/index.php?rest_route=%2Fwp%2Fv2%2Fcomments&post=1557"}],"version-history":[{"count":2,"href":"https:\/\/stlumine-stemarie.fr\/index.php?rest_route=\/wp\/v2\/posts\/1557\/revisions"}],"predecessor-version":[{"id":1859,"href":"https:\/\/stlumine-stemarie.fr\/index.php?rest_route=\/wp\/v2\/posts\/1557\/revisions\/1859"}],"wp:attachment":[{"href":"https:\/\/stlumine-stemarie.fr\/index.php?rest_route=%2Fwp%2Fv2%2Fmedia&parent=1557"}],"wp:term":[{"taxonomy":"category","embeddable":true,"href":"https:\/\/stlumine-stemarie.fr\/index.php?rest_route=%2Fwp%2Fv2%2Fcategories&post=1557"},{"taxonomy":"post_tag","embeddable":true,"href":"https:\/\/stlumine-stemarie.fr\/index.php?rest_route=%2Fwp%2Fv2%2Ftags&post=1557"}],"curies":[{"name":"wp","href":"https:\/\/api.w.org\/{rel}","templated":true}]}}