{"id":1013,"date":"2016-12-01T18:19:31","date_gmt":"2016-12-01T17:19:31","guid":{"rendered":"https:\/\/stlumine-stemarie.fr\/?p=1013"},"modified":"2017-09-14T12:08:26","modified_gmt":"2017-09-14T11:08:26","slug":"en-attendant-noel-2","status":"publish","type":"post","link":"https:\/\/stlumine-stemarie.fr\/?p=1013","title":{"rendered":"En attendant NOEL&#8230;"},"content":{"rendered":"<p>Dans notre classe, nous avons pr\u00e9par\u00e9 un calendrier de l&rsquo;Avent: un sapin en bois d\u00e9cor\u00e9 de 25 p\u00e8res-no\u00ebl gourmands (faits main).<\/p>\n<p>Chaque jour, un enfant d\u00e9croche un p\u00e8re-no\u00ebl et l&#8217;emm\u00e8ne dans sa maison.<\/p>\n<p>Quand il n&rsquo;y aura plus de p\u00e8re-no\u00ebl sur le sapin, ce sera NOEL&#8230; Nous avons h\u00e2te!!!<\/p>\n<p><a href=\"https:\/\/stlumine-stemarie.fr\/wp-content\/uploads\/2016\/12\/IMG_2682.jpg\"><img loading=\"lazy\" decoding=\"async\" class=\"wp-image-1014 alignleft\" src=\"https:\/\/stlumine-stemarie.fr\/wp-content\/uploads\/2016\/12\/IMG_2682-169x300.jpg\" alt=\"img_2682\" width=\"164\" height=\"291\" srcset=\"https:\/\/stlumine-stemarie.fr\/wp-content\/uploads\/2016\/12\/IMG_2682-169x300.jpg 169w, https:\/\/stlumine-stemarie.fr\/wp-content\/uploads\/2016\/12\/IMG_2682.jpg 540w\" sizes=\"auto, (max-width: 164px) 100vw, 164px\" \/><\/a><a href=\"https:\/\/stlumine-stemarie.fr\/wp-content\/uploads\/2016\/12\/IMG_2681.jpg\"><img loading=\"lazy\" decoding=\"async\" class=\"wp-image-1015 alignright\" src=\"https:\/\/stlumine-stemarie.fr\/wp-content\/uploads\/2016\/12\/IMG_2681-169x300.jpg\" alt=\"img_2681\" width=\"171\" height=\"304\" srcset=\"https:\/\/stlumine-stemarie.fr\/wp-content\/uploads\/2016\/12\/IMG_2681-169x300.jpg 169w, https:\/\/stlumine-stemarie.fr\/wp-content\/uploads\/2016\/12\/IMG_2681.jpg 540w\" sizes=\"auto, (max-width: 171px) 100vw, 171px\" \/><\/a><a href=\"https:\/\/stlumine-stemarie.fr\/wp-content\/uploads\/2016\/12\/IMG_2680-e1480612648615.jpg\"><img loading=\"lazy\" decoding=\"async\" class=\"aligncenter  wp-image-1016\" src=\"https:\/\/stlumine-stemarie.fr\/wp-content\/uploads\/2016\/12\/IMG_2680-e1480612648615-225x300.jpg\" alt=\"img_2680\" width=\"225\" height=\"300\" srcset=\"https:\/\/stlumine-stemarie.fr\/wp-content\/uploads\/2016\/12\/IMG_2680-e1480612648615-225x300.jpg 225w, https:\/\/stlumine-stemarie.fr\/wp-content\/uploads\/2016\/12\/IMG_2680-e1480612648615.jpg 480w\" sizes=\"auto, (max-width: 225px) 100vw, 225px\" \/><\/a><\/p>\n<p>&nbsp;<\/p>\n","protected":false},"excerpt":{"rendered":"<p>Dans notre classe, nous avons pr\u00e9par\u00e9 un calendrier de l&rsquo;Avent: un sapin en bois d\u00e9cor\u00e9 de 25 p\u00e8res-no\u00ebl gourmands (faits main). Chaque jour, un enfant d\u00e9croche un p\u00e8re-no\u00ebl et l&#8217;emm\u00e8ne dans sa maison. Quand il n&rsquo;y aura plus de p\u00e8re-no\u00ebl sur le sapin, ce sera NOEL&#8230; Nous avons h\u00e2te!!! &nbsp;<\/p>\n","protected":false},"author":4,"featured_media":0,"comment_status":"closed","ping_status":"closed","sticky":false,"template":"","format":"standard","meta":{"ngg_post_thumbnail":0,"footnotes":""},"categories":[11,31],"tags":[],"class_list":["post-1013","post","type-post","status-publish","format-standard","hentry","category-ps-ms","category-annee-2016-2017"],"_links":{"self":[{"href":"https:\/\/stlumine-stemarie.fr\/index.php?rest_route=\/wp\/v2\/posts\/1013","targetHints":{"allow":["GET"]}}],"collection":[{"href":"https:\/\/stlumine-stemarie.fr\/index.php?rest_route=\/wp\/v2\/posts"}],"about":[{"href":"https:\/\/stlumine-stemarie.fr\/index.php?rest_route=\/wp\/v2\/types\/post"}],"author":[{"embeddable":true,"href":"https:\/\/stlumine-stemarie.fr\/index.php?rest_route=\/wp\/v2\/users\/4"}],"replies":[{"embeddable":true,"href":"https:\/\/stlumine-stemarie.fr\/index.php?rest_route=%2Fwp%2Fv2%2Fcomments&post=1013"}],"version-history":[{"count":1,"href":"https:\/\/stlumine-stemarie.fr\/index.php?rest_route=\/wp\/v2\/posts\/1013\/revisions"}],"predecessor-version":[{"id":1017,"href":"https:\/\/stlumine-stemarie.fr\/index.php?rest_route=\/wp\/v2\/posts\/1013\/revisions\/1017"}],"wp:attachment":[{"href":"https:\/\/stlumine-stemarie.fr\/index.php?rest_route=%2Fwp%2Fv2%2Fmedia&parent=1013"}],"wp:term":[{"taxonomy":"category","embeddable":true,"href":"https:\/\/stlumine-stemarie.fr\/index.php?rest_route=%2Fwp%2Fv2%2Fcategories&post=1013"},{"taxonomy":"post_tag","embeddable":true,"href":"https:\/\/stlumine-stemarie.fr\/index.php?rest_route=%2Fwp%2Fv2%2Ftags&post=1013"}],"curies":[{"name":"wp","href":"https:\/\/api.w.org\/{rel}","templated":true}]}}